{"id":5112,"date":"2019-08-11T21:23:04","date_gmt":"2019-08-11T19:23:04","guid":{"rendered":"http:\/\/konninkylaseura.net\/?p=5112"},"modified":"2019-08-11T21:23:04","modified_gmt":"2019-08-11T19:23:04","slug":"kylaseuran-sokkoretki-su-25-8-2019","status":"publish","type":"post","link":"https:\/\/konninkylaseura.net\/?p=5112","title":{"rendered":"Kyl\u00e4seuran sokkoretki su 25.8.2019"},"content":{"rendered":"\n<table class=\"wp-block-table\"><tbody><tr><td>                    &nbsp;                    &nbsp;<\/td><\/tr><\/tbody><\/table>\n\n\n\n<p><strong>Tervetuloa kyl\u00e4seuran sokkoretkelle\nsu 25.8.2019!<\/strong><\/p>\n\n\n\n<p>Luvassa on\nmielenkiintoisia kohteita ja hyv\u00e4\u00e4 ruokaa noin 1,5 tunnin ajomatkan p\u00e4\u00e4ss\u00e4\nIlmajoelta. Kohteissa liikuskellaan osin ulkoilmassa, joten kannattaa varautua\ns\u00e4\u00e4n vaihteluihin. K\u00e4velymatkaa tulee korkeintaan joitakin satoja metrej\u00e4.<\/p>\n\n\n\n<p><strong>L\u00e4hdemme bussilla klo 9.00<\/strong> Harjunpakalta Kiikerinkyl\u00e4n ja\nK\u00f6nnin kautta Ilmajoen keskustaan. Kyytiin p\u00e4\u00e4see my\u00f6s tk:n pys\u00e4kilt\u00e4. Kotiin\npalaamme viimeist\u00e4\u00e4n viiden maissa.<\/p>\n\n\n\n<p><strong>Retken hinta on 10 \u20ac<\/strong>. Maksun voi suorittaa etuk\u00e4teen\nkyl\u00e4seuran tilille OmaSp FI83 41080010848532 (kuitti mukaan!)tai tasarahalla\nk\u00e4teisen\u00e4 matkan aikana.<\/p>\n\n\n\n<p><strong>Ilmoittautumiset ja kyselyt<\/strong> Kostille (040 5054270) tai Kaijalle\n(040 5395604, kaija.aspila-renkola@netikka.fi) <strong>ti 20.8. menness\u00e4<\/strong>. Muistattehan samalla kertoa my\u00f6s mahdolliset\nruokarajoitteet.<\/p>\n\n\n\n<p>Tervetuloa\nmukaan koko kyl\u00e4 \u2013 tai ainakin t\u00e4ysi bussilasti!<\/p>\n\n\n\n<p>&nbsp;&nbsp;&nbsp;&nbsp;&nbsp;&nbsp;&nbsp;&nbsp;&nbsp;&nbsp;&nbsp;&nbsp;&nbsp;&nbsp;&nbsp;&nbsp;&nbsp;&nbsp;&nbsp;&nbsp;&nbsp;&nbsp;&nbsp;&nbsp;&nbsp;&nbsp;&nbsp;&nbsp;&nbsp;&nbsp;&nbsp;&nbsp;&nbsp;&nbsp;&nbsp;&nbsp;&nbsp;&nbsp;&nbsp;&nbsp;&nbsp;&nbsp;&nbsp;&nbsp;&nbsp;&nbsp;&nbsp;&nbsp;&nbsp;&nbsp;&nbsp;&nbsp;&nbsp;&nbsp;&nbsp;&nbsp;&nbsp;&nbsp;&nbsp;&nbsp;&nbsp;&nbsp;&nbsp;&nbsp;&nbsp;&nbsp;&nbsp;&nbsp;&nbsp; K\u00f6nnin\nkyl\u00e4seura ry<\/p>\n","protected":false},"excerpt":{"rendered":"<p>&nbsp; &nbsp; Tervetuloa kyl\u00e4seuran sokkoretkelle su 25.8.2019! Luvassa on mielenkiintoisia kohteita ja hyv\u00e4\u00e4 ruokaa noin 1,5 tunnin ajomatkan p\u00e4\u00e4ss\u00e4 Ilmajoelta. Kohteissa liikuskellaan osin ulkoilmassa, joten kannattaa varautua s\u00e4\u00e4n vaihteluihin. K\u00e4velymatkaa tulee korkeintaan joitakin satoja metrej\u00e4. L\u00e4hdemme bussilla klo 9.00 Harjunpakalta Kiikerinkyl\u00e4n ja K\u00f6nnin kautta Ilmajoen keskustaan. Kyytiin p\u00e4\u00e4see my\u00f6s tk:n pys\u00e4kilt\u00e4. Kotiin palaamme viimeist\u00e4\u00e4n viiden &hellip; <\/p>\n<p class=\"link-more\"><a href=\"https:\/\/konninkylaseura.net\/?p=5112\" class=\"more-link\">Jatka lukemista<span class=\"screen-reader-text\"> &#8221;Kyl\u00e4seuran sokkoretki su 25.8.2019&#8221;<\/span><\/a><\/p>\n","protected":false},"author":989901,"featured_media":0,"comment_status":"open","ping_status":"closed","sticky":false,"template":"","format":"standard","meta":{"ngg_post_thumbnail":0,"_jetpack_memberships_contains_paid_content":false,"footnotes":"","jetpack_publicize_message":"","jetpack_publicize_feature_enabled":true,"jetpack_social_post_already_shared":false,"jetpack_social_options":{"image_generator_settings":{"template":"highway","default_image_id":0,"font":"","enabled":false},"version":2}},"categories":[1],"tags":[],"class_list":["post-5112","post","type-post","status-publish","format-standard","hentry","category-uncategorized"],"jetpack_publicize_connections":[],"jetpack_featured_media_url":"","jetpack_sharing_enabled":true,"_links":{"self":[{"href":"https:\/\/konninkylaseura.net\/index.php?rest_route=\/wp\/v2\/posts\/5112","targetHints":{"allow":["GET"]}}],"collection":[{"href":"https:\/\/konninkylaseura.net\/index.php?rest_route=\/wp\/v2\/posts"}],"about":[{"href":"https:\/\/konninkylaseura.net\/index.php?rest_route=\/wp\/v2\/types\/post"}],"author":[{"embeddable":true,"href":"https:\/\/konninkylaseura.net\/index.php?rest_route=\/wp\/v2\/users\/989901"}],"replies":[{"embeddable":true,"href":"https:\/\/konninkylaseura.net\/index.php?rest_route=%2Fwp%2Fv2%2Fcomments&post=5112"}],"version-history":[{"count":2,"href":"https:\/\/konninkylaseura.net\/index.php?rest_route=\/wp\/v2\/posts\/5112\/revisions"}],"predecessor-version":[{"id":5115,"href":"https:\/\/konninkylaseura.net\/index.php?rest_route=\/wp\/v2\/posts\/5112\/revisions\/5115"}],"wp:attachment":[{"href":"https:\/\/konninkylaseura.net\/index.php?rest_route=%2Fwp%2Fv2%2Fmedia&parent=5112"}],"wp:term":[{"taxonomy":"category","embeddable":true,"href":"https:\/\/konninkylaseura.net\/index.php?rest_route=%2Fwp%2Fv2%2Fcategories&post=5112"},{"taxonomy":"post_tag","embeddable":true,"href":"https:\/\/konninkylaseura.net\/index.php?rest_route=%2Fwp%2Fv2%2Ftags&post=5112"}],"curies":[{"name":"wp","href":"https:\/\/api.w.org\/{rel}","templated":true}]}}