{"id":4953,"date":"2018-10-24T18:06:48","date_gmt":"2018-10-24T16:06:48","guid":{"rendered":"http:\/\/konninkylaseura.net\/?p=4953"},"modified":"2018-10-24T18:18:41","modified_gmt":"2018-10-24T16:18:41","slug":"seurakuntavaalit-18-11-2018","status":"publish","type":"post","link":"https:\/\/konninkylaseura.net\/?p=4953","title":{"rendered":"Seurakuntavaalit 18.11.2018"},"content":{"rendered":"<p>Seurakuntavaalit j\u00e4rjestet\u00e4\u00e4n 18.11.2018 teemalla Minun kirkkoni. Ennakko\u00e4\u00e4nestyksen ajankohta on 6.\u201310.11.2018. Vaaleissa \u00e4\u00e4nestet\u00e4\u00e4n kirkon ja sen 400 seurakunnan tulevaisuudesta.&nbsp;Seurakuntavaaleissa jo 16-vuotiaalla on \u00e4\u00e4nioikeus.&nbsp;Rippikoulua tai konfirmaatiota ei edellytet\u00e4 \u00e4\u00e4nest\u00e4miseen, kirkon j\u00e4senyys riitt\u00e4\u00e4.<\/p>\n<p>Vaalip\u00e4iv\u00e4n \u00e4\u00e4nestyspaikka Ilmajoen Kirkko, Kirkkotie 18 klo 11-20. Tai vaihtoehtoisesti ennakkoon Valitsemallanne ennakko\u00e4\u00e4nestyspaikalla koko maan alueella tiistain- Lauantain 6-10.11.2018 v\u00e4lisen\u00e4 aikana.<\/p>\n<p><strong>Osallistutaan \u00e4\u00e4nestykseen ahkerasti ja k\u00e4yd\u00e4\u00e4n varmistamassa oman kyl\u00e4alueemme ehdokkaiden l\u00e4pimeno runsain \u00e4\u00e4nin.<\/strong><\/p>\n<p><a href=\"http:\/\/konninkylaseura.net\/wp-content\/uploads\/2018\/10\/unnamed.jpg\"><img loading=\"lazy\" decoding=\"async\" class=\"alignleft size-medium wp-image-4950\" src=\"http:\/\/konninkylaseura.net\/wp-content\/uploads\/2018\/10\/unnamed-200x300.jpg\" alt=\"\" width=\"200\" height=\"300\" srcset=\"https:\/\/konninkylaseura.net\/wp-content\/uploads\/2018\/10\/unnamed-200x300.jpg 200w, https:\/\/konninkylaseura.net\/wp-content\/uploads\/2018\/10\/unnamed.jpg 271w\" sizes=\"auto, (max-width: 200px) 100vw, 200px\" \/><\/a><strong>Numerolla 2 Kaija Aspila-Renkola, Puolueettoman seurakuntav\u00e4en juuret listalta.<\/strong><\/p>\n<p id=\"h.p_Kw8TnORah9w8\" class=\"zfr3Q\">Olen Kaija Aspila-Renkola&nbsp;ja perheeseeni kuuluu aviomies ja nelj\u00e4 aikuista lasta. Asun Kiikerinkyl\u00e4ss\u00e4 ja ty\u00f6skentelen Ilmajoen alakouluilla erityisopettajana. Vapaa-aikani kuluu kyl\u00e4seuran, vaihto-oppilastoiminnan, Ilmajoen oppaiden ja erilaisten kristillisten j\u00e4rjest\u00f6jen parissa.<\/p>\n<p id=\"h.p_nPbC50KQCN2K\" class=\"zfr3Q\">Olen Ilmajoen seurakunnassa jokapyh\u00e4inen kirkkovieras ja pid\u00e4nkin jumalanpalvelusta yhten\u00e4 seurakunnan t\u00e4rkeimmist\u00e4 viikottaisista tapahtumista. Olen pit\u00e4nyt aikoinaan pyh\u00e4koulua kymmenen vuoden ajan ja ollut my\u00f6s kaksi kautta kirkkovaltuutettuna. T\u00e4ll\u00e4 hetkell\u00e4 toimin seurakunnan julistusty\u00f6n johtokunnassa ja kirkkovaltuustossa Juuret-ryhm\u00e4n varaj\u00e4senen\u00e4.<\/p>\n<p id=\"h.p_I9Y-1hjNCN2M\" class=\"zfr3Q\">Koen erityisen t\u00e4rke\u00e4n\u00e4 lasten ja nuorten saattamisen kristillisen opetuksen ja hengellisen el\u00e4m\u00e4n pariin. Toivon, ett\u00e4 jokainen seurakuntalainen voisi l\u00f6yt\u00e4\u00e4 oman paikkansa ja tulla kohdatuksi ja hoidetuksi omassa kotiseurakunnassa.<\/p>\n<p><a href=\"http:\/\/konninkylaseura.net\/wp-content\/uploads\/2018\/10\/IMG_0651.jpg\"><img loading=\"lazy\" decoding=\"async\" class=\"alignleft size-medium wp-image-4949\" src=\"http:\/\/konninkylaseura.net\/wp-content\/uploads\/2018\/10\/IMG_0651-212x300.jpg\" alt=\"\" width=\"212\" height=\"300\" srcset=\"https:\/\/konninkylaseura.net\/wp-content\/uploads\/2018\/10\/IMG_0651-212x300.jpg 212w, https:\/\/konninkylaseura.net\/wp-content\/uploads\/2018\/10\/IMG_0651.jpg 595w\" sizes=\"auto, (max-width: 212px) 100vw, 212px\" \/><\/a><strong>Numerolla 4 Jarkko Hautala, Puolueettoman seurakuntav\u00e4en Juuret listalta.<\/strong><\/p>\n<p id=\"h.p_ATNrJ3u8iM5D\" class=\"zfr3Q\">Olen kotoisin Kiikerinkyl\u00e4st\u00e4, ja perheeseeni kuuluu vaimo, kolme lasta ja kolme lastenlasta. Olen&nbsp;py\u00f6ritt\u00e4nyt omaa firmaa yli 30 vuotta ja toimin t\u00e4ll\u00e4 hetkell\u00e4 Hautala Service Oy:n hallituksen puheenjohtajana. Uskon, ett\u00e4 oman liikkeen johtaminen ja hengellinen vakaumukseni ovat eduksi my\u00f6s seurakunnan luottamustoimissa.<\/p>\n<p id=\"h.p_efOdfQJHV5WB\" class=\"zfr3Q\">Olen saanut toimia yhden kauden kirkkoneuvostossa, valtuustossa sek\u00e4 julistusty\u00f6n johtokunnassa. Ty\u00f6 luottamustoimissa on ollut eritt\u00e4in mielenkiintoista ja olen saanut olla mukana tekem\u00e4ss\u00e4 monia t\u00e4rkeit\u00e4 kotiseurakuntaamme koskevia p\u00e4\u00e4t\u00f6ksi\u00e4. Viimeisimp\u00e4n\u00e4 uuden vainajien s\u00e4ilytystilan rakentamisen aloittaminen.<\/p>\n<p id=\"h.p_bT2oUTEvV5WC\" class=\"zfr3Q\">K\u00e4yn seurakunnan tilaisuuksissa mahdollisuuksieni mukaan, melko usein. Raamattupiirit, sunnuntaikirkko ym. Olen saanut olla j\u00e4rjest\u00e4m\u00e4ss\u00e4 Blues-messuja, Majataloillan, Huoltoasemailtoja, Hyv\u00e4n mielen aamiaisia ym.<\/p>\n<p id=\"h.p_x3uiRZSJV5WC\" class=\"zfr3Q\">Kirkon p\u00e4\u00e4teht\u00e4v\u00e4 on julistaa sanomaa Kristuksesta, mutta sanoman julistamisessa tarvitaan ty\u00f6v\u00e4ke\u00e4 ja puitteet.<\/p>\n<p id=\"h.p_j-82NKKgV5WD\" class=\"zfr3Q\">Mielest\u00e4ni seurakunnan luottamustoimiin kuuluisivat ennemmin asiaan vihkiytyneet henkil\u00f6t kuin puolueet. Haluan antaa ty\u00f6panokseni Ilmajoen seurakunnan k\u00e4ytt\u00f6\u00f6n jatkossakin.<\/p>\n<p><strong><a href=\"http:\/\/konninkylaseura.net\/wp-content\/uploads\/2014\/10\/Tuulikki.jpg\"><img loading=\"lazy\" decoding=\"async\" class=\"alignleft size-medium wp-image-2357\" src=\"http:\/\/konninkylaseura.net\/wp-content\/uploads\/2014\/10\/Tuulikki-216x300.jpg\" alt=\"\" width=\"216\" height=\"300\" srcset=\"https:\/\/konninkylaseura.net\/wp-content\/uploads\/2014\/10\/Tuulikki-216x300.jpg 216w, https:\/\/konninkylaseura.net\/wp-content\/uploads\/2014\/10\/Tuulikki-624x864.jpg 624w, https:\/\/konninkylaseura.net\/wp-content\/uploads\/2014\/10\/Tuulikki.jpg 682w\" sizes=\"auto, (max-width: 216px) 100vw, 216px\" \/><\/a>Numerolla 49 Tuulikki Kukkonen, Keskustalaisen seurakuntav\u00e4en listalta.<\/strong><\/p>\n<p>olen entinen lypsykarjatilan em\u00e4nt\u00e4 takana maatalousalan koulutus, perhett\u00e4 aviomies 3 lasta ja 4 lastenlasta, seurakunnassa 3 kautta kirkkovaltuutettuna, l\u00e4hetys ja diakoniaty\u00f6st\u00e4 eniten kokemusta. Minulla halu vaikuttaa asioihin omassa seurakunnassa ja vied\u00e4 hengellist\u00e4 sanomaa eteenp\u00e4in.<\/p>\n<p>&nbsp;<\/p>\n","protected":false},"excerpt":{"rendered":"<p>Seurakuntavaalit j\u00e4rjestet\u00e4\u00e4n 18.11.2018 teemalla Minun kirkkoni. Ennakko\u00e4\u00e4nestyksen ajankohta on 6.\u201310.11.2018. Vaaleissa \u00e4\u00e4nestet\u00e4\u00e4n kirkon ja sen 400 seurakunnan tulevaisuudesta.&nbsp;Seurakuntavaaleissa jo 16-vuotiaalla on \u00e4\u00e4nioikeus.&nbsp;Rippikoulua tai konfirmaatiota ei edellytet\u00e4 \u00e4\u00e4nest\u00e4miseen, kirkon j\u00e4senyys riitt\u00e4\u00e4. Vaalip\u00e4iv\u00e4n \u00e4\u00e4nestyspaikka Ilmajoen Kirkko, Kirkkotie 18 klo 11-20. Tai vaihtoehtoisesti ennakkoon Valitsemallanne ennakko\u00e4\u00e4nestyspaikalla koko maan alueella tiistain- Lauantain 6-10.11.2018 v\u00e4lisen\u00e4 aikana. Osallistutaan \u00e4\u00e4nestykseen ahkerasti ja &hellip; <\/p>\n<p class=\"link-more\"><a href=\"https:\/\/konninkylaseura.net\/?p=4953\" class=\"more-link\">Jatka lukemista<span class=\"screen-reader-text\"> &#8221;Seurakuntavaalit 18.11.2018&#8221;<\/span><\/a><\/p>\n","protected":false},"author":989899,"featured_media":0,"comment_status":"open","ping_status":"closed","sticky":false,"template":"","format":"standard","meta":{"ngg_post_thumbnail":0,"_jetpack_memberships_contains_paid_content":false,"footnotes":"","jetpack_publicize_message":"","jetpack_publicize_feature_enabled":true,"jetpack_social_post_already_shared":false,"jetpack_social_options":{"image_generator_settings":{"template":"highway","default_image_id":0,"font":"","enabled":false},"version":2}},"categories":[1],"tags":[],"class_list":["post-4953","post","type-post","status-publish","format-standard","hentry","category-uncategorized"],"jetpack_publicize_connections":[],"jetpack_featured_media_url":"","jetpack_sharing_enabled":true,"_links":{"self":[{"href":"https:\/\/konninkylaseura.net\/index.php?rest_route=\/wp\/v2\/posts\/4953","targetHints":{"allow":["GET"]}}],"collection":[{"href":"https:\/\/konninkylaseura.net\/index.php?rest_route=\/wp\/v2\/posts"}],"about":[{"href":"https:\/\/konninkylaseura.net\/index.php?rest_route=\/wp\/v2\/types\/post"}],"author":[{"embeddable":true,"href":"https:\/\/konninkylaseura.net\/index.php?rest_route=\/wp\/v2\/users\/989899"}],"replies":[{"embeddable":true,"href":"https:\/\/konninkylaseura.net\/index.php?rest_route=%2Fwp%2Fv2%2Fcomments&post=4953"}],"version-history":[{"count":9,"href":"https:\/\/konninkylaseura.net\/index.php?rest_route=\/wp\/v2\/posts\/4953\/revisions"}],"predecessor-version":[{"id":4962,"href":"https:\/\/konninkylaseura.net\/index.php?rest_route=\/wp\/v2\/posts\/4953\/revisions\/4962"}],"wp:attachment":[{"href":"https:\/\/konninkylaseura.net\/index.php?rest_route=%2Fwp%2Fv2%2Fmedia&parent=4953"}],"wp:term":[{"taxonomy":"category","embeddable":true,"href":"https:\/\/konninkylaseura.net\/index.php?rest_route=%2Fwp%2Fv2%2Fcategories&post=4953"},{"taxonomy":"post_tag","embeddable":true,"href":"https:\/\/konninkylaseura.net\/index.php?rest_route=%2Fwp%2Fv2%2Ftags&post=4953"}],"curies":[{"name":"wp","href":"https:\/\/api.w.org\/{rel}","templated":true}]}}