{"id":4911,"date":"2018-08-24T13:58:04","date_gmt":"2018-08-24T11:58:04","guid":{"rendered":"http:\/\/konninkylaseura.net\/?p=4911"},"modified":"2018-08-25T09:32:50","modified_gmt":"2018-08-25T07:32:50","slug":"talkoo-kaffit-kalajaisten-leirikeskuksessa-1-9-2018-klo-15-00-alkaen","status":"publish","type":"post","link":"https:\/\/konninkylaseura.net\/?p=4911","title":{"rendered":"Talkoo kaffit Kalajaisten leirikeskuksessa 1.9.2018 klo 15.00 alkaen"},"content":{"rendered":"<p><a href=\"http:\/\/konninkylaseura.net\/wp-content\/uploads\/2018\/08\/IMG_8119.jpg\"><img loading=\"lazy\" decoding=\"async\" class=\"alignleft size-medium wp-image-4910\" src=\"http:\/\/konninkylaseura.net\/wp-content\/uploads\/2018\/08\/IMG_8119-225x300.jpg\" alt=\"\" width=\"225\" height=\"300\" srcset=\"https:\/\/konninkylaseura.net\/wp-content\/uploads\/2018\/08\/IMG_8119-225x300.jpg 225w, https:\/\/konninkylaseura.net\/wp-content\/uploads\/2018\/08\/IMG_8119-768x1024.jpg 768w, https:\/\/konninkylaseura.net\/wp-content\/uploads\/2018\/08\/IMG_8119.jpg 1200w\" sizes=\"auto, (max-width: 225px) 100vw, 225px\" \/><\/a>On taas aika kiitt\u00e4\u00e4 aktiivisia kyl\u00e4l\u00e4isi\u00e4 Talkookaffien merkeiss\u00e4. 1.9 lauantaina klo 15.00 alkaen.Ilmajoen kunnan Kalajaisten leirikeskus on k\u00e4yt\u00f6ss\u00e4mme. Varsinaista ohjelmaa ei ole mutta tuollainen suuntaa antava aikataulu on ja my\u00f6hemminkin viel\u00e4 paikalle ehtii. Ovet auki klo 15.00. Kaffetpannu kuumana ja voi olla v\u00e4h\u00e4 t\u00e4ytekaakkua ja pikkusuolaastaki klo 16.00 alkaen. Miesten ja naisten saunat kuumana klo 17.00 alkaen ja noin klo 18.00 Grilli kuumana rantakatoksessa. Vietet\u00e4\u00e4n iltaa ilman p\u00f6n\u00f6tyst\u00e4 hyv\u00e4ss\u00e4 seurassa saunooden, grillaillen, uiden, soudellen, luonnossa liikkuen ja mit\u00e4 ikin\u00e4 keksit\u00e4\u00e4nkin. Leirikeskus on k\u00e4yt\u00f6ss\u00e4mme ilta 22.00 asti. Kaikki kyl\u00e4seuramme toimintaan osallistuneet ovat tervetulleita, my\u00f6s ilman muuta he jotka syyst\u00e4 tai toisesta ollet estyneit\u00e4 osallistumaan t\u00e4m\u00e4n kes\u00e4n koitoksiin. Vietet\u00e4\u00e4n kiireet\u00f6nt\u00e4 syysiltaa hyv\u00e4ss\u00e4 seurassa. Toivottavasti mahdollisimman moni pystyy osallistumaan!<\/p>\n<p><a href=\"https:\/\/www.google.com\/maps\/place\/Ilmajoen+Kunnan+Kalajaisten+leirikeskus\/@62.7265931,22.217665,17z\/data=!3m1!4b1!4m11!1m5!8m4!1e2!2s106179217147125918419!3m1!1e1!3m4!1s0x4687dcfbf3ae99cf:0x46f40099ab84dbef!8m2!3d62.7265931!4d22.219859?hl=fi\" target=\"_blank\" rel=\"noopener\">Linkki Google mapsin ajo-ohje Kalajaisiin.<\/a><\/p>\n<p><a href=\"http:\/\/www.elamysliikunta.fi\/wp-content\/uploads\/kalajaisjarven-kuntorata.pdf\" target=\"_blank\" rel=\"noopener\">Linkki Kalajaisten kuntorata.<\/a><\/p>\n","protected":false},"excerpt":{"rendered":"<p>On taas aika kiitt\u00e4\u00e4 aktiivisia kyl\u00e4l\u00e4isi\u00e4 Talkookaffien merkeiss\u00e4. 1.9 lauantaina klo 15.00 alkaen.Ilmajoen kunnan Kalajaisten leirikeskus on k\u00e4yt\u00f6ss\u00e4mme. Varsinaista ohjelmaa ei ole mutta tuollainen suuntaa antava aikataulu on ja my\u00f6hemminkin viel\u00e4 paikalle ehtii. Ovet auki klo 15.00. Kaffetpannu kuumana ja voi olla v\u00e4h\u00e4 t\u00e4ytekaakkua ja pikkusuolaastaki klo 16.00 alkaen. Miesten ja naisten saunat kuumana klo &hellip; <\/p>\n<p class=\"link-more\"><a href=\"https:\/\/konninkylaseura.net\/?p=4911\" class=\"more-link\">Jatka lukemista<span class=\"screen-reader-text\"> &#8221;Talkoo kaffit Kalajaisten leirikeskuksessa 1.9.2018 klo 15.00 alkaen&#8221;<\/span><\/a><\/p>\n","protected":false},"author":989899,"featured_media":0,"comment_status":"open","ping_status":"closed","sticky":false,"template":"","format":"standard","meta":{"ngg_post_thumbnail":0,"_jetpack_memberships_contains_paid_content":false,"footnotes":"","jetpack_publicize_message":"","jetpack_publicize_feature_enabled":true,"jetpack_social_post_already_shared":false,"jetpack_social_options":{"image_generator_settings":{"template":"highway","default_image_id":0,"font":"","enabled":false},"version":2}},"categories":[16],"tags":[],"class_list":["post-4911","post","type-post","status-publish","format-standard","hentry","category-hirrenveisto"],"jetpack_publicize_connections":[],"jetpack_featured_media_url":"","jetpack_sharing_enabled":true,"_links":{"self":[{"href":"https:\/\/konninkylaseura.net\/index.php?rest_route=\/wp\/v2\/posts\/4911","targetHints":{"allow":["GET"]}}],"collection":[{"href":"https:\/\/konninkylaseura.net\/index.php?rest_route=\/wp\/v2\/posts"}],"about":[{"href":"https:\/\/konninkylaseura.net\/index.php?rest_route=\/wp\/v2\/types\/post"}],"author":[{"embeddable":true,"href":"https:\/\/konninkylaseura.net\/index.php?rest_route=\/wp\/v2\/users\/989899"}],"replies":[{"embeddable":true,"href":"https:\/\/konninkylaseura.net\/index.php?rest_route=%2Fwp%2Fv2%2Fcomments&post=4911"}],"version-history":[{"count":4,"href":"https:\/\/konninkylaseura.net\/index.php?rest_route=\/wp\/v2\/posts\/4911\/revisions"}],"predecessor-version":[{"id":4929,"href":"https:\/\/konninkylaseura.net\/index.php?rest_route=\/wp\/v2\/posts\/4911\/revisions\/4929"}],"wp:attachment":[{"href":"https:\/\/konninkylaseura.net\/index.php?rest_route=%2Fwp%2Fv2%2Fmedia&parent=4911"}],"wp:term":[{"taxonomy":"category","embeddable":true,"href":"https:\/\/konninkylaseura.net\/index.php?rest_route=%2Fwp%2Fv2%2Fcategories&post=4911"},{"taxonomy":"post_tag","embeddable":true,"href":"https:\/\/konninkylaseura.net\/index.php?rest_route=%2Fwp%2Fv2%2Ftags&post=4911"}],"curies":[{"name":"wp","href":"https:\/\/api.w.org\/{rel}","templated":true}]}}