{"id":4552,"date":"2017-11-16T16:13:32","date_gmt":"2017-11-16T14:13:32","guid":{"rendered":"http:\/\/konninkylaseura.net\/?p=4552"},"modified":"2018-02-18T17:47:39","modified_gmt":"2018-02-18T15:47:39","slug":"vuoden-kyla-2017","status":"publish","type":"post","link":"https:\/\/konninkylaseura.net\/?p=4552","title":{"rendered":"Vuoden Etel\u00e4pohjalainen kyl\u00e4 2017"},"content":{"rendered":"<p><a href=\"http:\/\/konninkylaseura.net\/wp-content\/uploads\/2017\/11\/DSC2917.jpg\" target=\"_blank\" rel=\"noopener\"><img loading=\"lazy\" decoding=\"async\" class=\"alignleft size-thumbnail wp-image-4555\" src=\"http:\/\/konninkylaseura.net\/wp-content\/uploads\/2017\/11\/DSC2917-150x150.jpg\" alt=\"\" width=\"150\" height=\"150\" srcset=\"https:\/\/konninkylaseura.net\/wp-content\/uploads\/2017\/11\/DSC2917-150x150.jpg 150w, https:\/\/konninkylaseura.net\/wp-content\/uploads\/2017\/11\/DSC2917-100x100.jpg 100w\" sizes=\"auto, (max-width: 150px) 100vw, 150px\" \/><\/a>N\u00f6yr\u00e4 kiitos kyl\u00e4l\u00e4isille jotka mahdollistitte aktiivisella ja pyyteett\u00f6m\u00e4ll\u00e4 toiminnalla valintamme vuoden kyl\u00e4ksi 2017. T\u00e4m\u00e4 arvokas huomion osoitus on kaikille teille. Olokaamma ittest\u00e4mm\u00e4 ja kyl\u00e4kunnastamma ylypeet\u00e4 ja voi t\u00e4ll\u00e4 v\u00e4h\u00e4 rossatakkin. Kyl\u00e4seuran valtuuskunta k\u00e4vi pokkaamas p\u00e4\u00e4potin <a href=\"https:\/\/www.maenpaankylaseura.fi\" target=\"_blank\" rel=\"noopener\">M\u00e4enp\u00e4\u00e4n kyl\u00e4talolla 11.11<\/a> j\u00f6rjestetyss\u00e4 tilaisuudessa. Alla linkkej\u00e4 muutamiin artikkeleihin asian tiimoilta.<!--more--><\/p>\n<p>&nbsp;<\/p>\n<div style=\"width: 525px;\" class=\"wp-video\"><video class=\"wp-video-shortcode\" id=\"video-4552-1\" width=\"525\" height=\"294\" preload=\"metadata\" controls=\"controls\"><source type=\"video\/mp4\" src=\"http:\/\/konninkylaseura.net\/wp-content\/uploads\/2017\/11\/Nimet\u00f6n.mp4?_=1\" \/><a href=\"http:\/\/konninkylaseura.net\/wp-content\/uploads\/2017\/11\/Nimet\u00f6n.mp4\">http:\/\/konninkylaseura.net\/wp-content\/uploads\/2017\/11\/Nimet\u00f6n.mp4<\/a><\/video><\/div>\n<p><a href=\"http:\/\/konninkylaseura.net\/wp-content\/uploads\/2017\/11\/Vuoren-kyl\u00e4-2017.jpg\"><br \/>\n<\/a><\/p>\n<p><a href=\"https:\/\/tri.kuvat.fi\/kuvat\/Etel\u00e4pohjalaiset+kyl\u00e4t\/K\u00f6nni+2017\/\" target=\"_blank\" rel=\"noopener\">Tuomo Rinteen kuvagalleria,&nbsp;M\u00e4enp\u00e4\u00e4n kyl\u00e4talolta Kauhavalla 11.11.2017<\/a><\/p>\n<p><a href=\"http:\/\/www.epk.fi\/vuodenkyla2017\/\" target=\"_blank\" rel=\"noopener\">Vuoden Kyl\u00e4.<\/a><\/p>\n<p><a href=\"http:\/\/konninkylaseura.net\/wp-content\/uploads\/2017\/11\/Konni_tiedote2017.pdf\" target=\"_blank\" rel=\"noopener\">Etel\u00e4pohjalainen kyl\u00e4 2017<\/a><\/p>\n<p><a href=\"https:\/\/www.epari.fi\/uutiset\/online-uutiset\/k\u00f6nnin-kyl\u00e4seurasta-vuoden-etel\u00e4pohjalainen-kyl\u00e4-luvassa-kolmen-kilometrin-kynttil\u00e4kuja-1.2451038\" target=\"_blank\" rel=\"noopener\">EPARI 13.11.2017<\/a><\/p>\n<p><a href=\"http:\/\/konninkylaseura.net\/wp-content\/uploads\/2017\/11\/N\u00e4ytt\u00f6kuva-2017-11-16-kello-15.24.30.jpg\" target=\"_blank\" rel=\"noopener\">Netti Ilkka 11.11.2017<\/a><\/p>\n<p><a href=\"http:\/\/konninkylaseura.net\/wp-content\/uploads\/2017\/11\/IMG_1071.jpg\" target=\"_blank\" rel=\"noopener\">Ilmajoki-Lehden etusivun juttu 14.11.2017<\/a><\/p>\n<p><a href=\"http:\/\/konninkylaseura.net\/wp-content\/uploads\/2017\/11\/IMG_0607.jpg\" target=\"_blank\" rel=\"noopener\">Ilkan etusivu 12.11.2017<\/a><\/p>\n<p><a href=\"http:\/\/konninkylaseura.net\/wp-content\/uploads\/2017\/11\/IMG_0608.jpg\" target=\"_blank\" rel=\"noopener\">Ilkan 2 sivu 12.11.2017<\/a><\/p>\n<p><a href=\"http:\/\/konninkylaseura.net\/wp-content\/uploads\/2017\/11\/IMG_1070.jpg\" target=\"_blank\" rel=\"noopener\">Ilmajoki-Lehti 16.11.2017<\/a><\/p>\n","protected":false},"excerpt":{"rendered":"<p>N\u00f6yr\u00e4 kiitos kyl\u00e4l\u00e4isille jotka mahdollistitte aktiivisella ja pyyteett\u00f6m\u00e4ll\u00e4 toiminnalla valintamme vuoden kyl\u00e4ksi 2017. T\u00e4m\u00e4 arvokas huomion osoitus on kaikille teille. Olokaamma ittest\u00e4mm\u00e4 ja kyl\u00e4kunnastamma ylypeet\u00e4 ja voi t\u00e4ll\u00e4 v\u00e4h\u00e4 rossatakkin. Kyl\u00e4seuran valtuuskunta k\u00e4vi pokkaamas p\u00e4\u00e4potin M\u00e4enp\u00e4\u00e4n kyl\u00e4talolla 11.11 j\u00f6rjestetyss\u00e4 tilaisuudessa. Alla linkkej\u00e4 muutamiin artikkeleihin asian tiimoilta.<\/p>\n","protected":false},"author":989899,"featured_media":0,"comment_status":"open","ping_status":"closed","sticky":false,"template":"","format":"standard","meta":{"ngg_post_thumbnail":0,"_jetpack_memberships_contains_paid_content":false,"footnotes":"","jetpack_publicize_message":"","jetpack_publicize_feature_enabled":true,"jetpack_social_post_already_shared":false,"jetpack_social_options":{"image_generator_settings":{"template":"highway","default_image_id":0,"font":"","enabled":false},"version":2}},"categories":[15],"tags":[],"class_list":["post-4552","post","type-post","status-publish","format-standard","hentry","category-johtokunta"],"jetpack_publicize_connections":[],"jetpack_featured_media_url":"","jetpack_sharing_enabled":true,"_links":{"self":[{"href":"https:\/\/konninkylaseura.net\/index.php?rest_route=\/wp\/v2\/posts\/4552","targetHints":{"allow":["GET"]}}],"collection":[{"href":"https:\/\/konninkylaseura.net\/index.php?rest_route=\/wp\/v2\/posts"}],"about":[{"href":"https:\/\/konninkylaseura.net\/index.php?rest_route=\/wp\/v2\/types\/post"}],"author":[{"embeddable":true,"href":"https:\/\/konninkylaseura.net\/index.php?rest_route=\/wp\/v2\/users\/989899"}],"replies":[{"embeddable":true,"href":"https:\/\/konninkylaseura.net\/index.php?rest_route=%2Fwp%2Fv2%2Fcomments&post=4552"}],"version-history":[{"count":29,"href":"https:\/\/konninkylaseura.net\/index.php?rest_route=\/wp\/v2\/posts\/4552\/revisions"}],"predecessor-version":[{"id":4661,"href":"https:\/\/konninkylaseura.net\/index.php?rest_route=\/wp\/v2\/posts\/4552\/revisions\/4661"}],"wp:attachment":[{"href":"https:\/\/konninkylaseura.net\/index.php?rest_route=%2Fwp%2Fv2%2Fmedia&parent=4552"}],"wp:term":[{"taxonomy":"category","embeddable":true,"href":"https:\/\/konninkylaseura.net\/index.php?rest_route=%2Fwp%2Fv2%2Fcategories&post=4552"},{"taxonomy":"post_tag","embeddable":true,"href":"https:\/\/konninkylaseura.net\/index.php?rest_route=%2Fwp%2Fv2%2Ftags&post=4552"}],"curies":[{"name":"wp","href":"https:\/\/api.w.org\/{rel}","templated":true}]}}