{"id":4137,"date":"2017-08-07T16:52:50","date_gmt":"2017-08-07T14:52:50","guid":{"rendered":"http:\/\/konninkylaseura.net\/?p=4137"},"modified":"2017-08-09T14:36:51","modified_gmt":"2017-08-09T12:36:51","slug":"talkookaffeet-20-8-klo-15-00","status":"publish","type":"post","link":"https:\/\/konninkylaseura.net\/?p=4137","title":{"rendered":"Talkookaffeet 20.8 klo 15.00"},"content":{"rendered":"<p><a href=\"http:\/\/konninkylaseura.net\/wp-content\/uploads\/2017\/08\/Kalajainen_kuva.jpg\"><img loading=\"lazy\" decoding=\"async\" class=\"alignleft size-medium wp-image-4135\" src=\"http:\/\/konninkylaseura.net\/wp-content\/uploads\/2017\/08\/Kalajainen_kuva-300x225.jpg\" alt=\"\" width=\"300\" height=\"225\" srcset=\"https:\/\/konninkylaseura.net\/wp-content\/uploads\/2017\/08\/Kalajainen_kuva-300x225.jpg 300w, https:\/\/konninkylaseura.net\/wp-content\/uploads\/2017\/08\/Kalajainen_kuva.jpg 550w\" sizes=\"auto, (max-width: 300px) 100vw, 300px\" \/><\/a>Sunnuntaina 20.8 klo 15.00 alkaen on ilo kutsua kaikki K\u00f6nnin Kyl\u00e4seuran ahkerat talkoolaisemme koko perheen voimin viett\u00e4m\u00e4\u00e4n Sunnuntaiehtoota kunnan Kalajaisj\u00e4rven leirikeskukseen, tervetulleita ovat kaikki erilaisiin talkoisiimme osallistuneet. Aloitamme kakkukaffeella klo 15 ja leirikeskuksen naisten ja miesten erilliset saunat ovat l\u00e4mpim\u00e4n\u00e4 klo 16 alkaen. Ennen saunaa on my\u00f6s mahdollista k\u00e4yd\u00e4 kiert\u00e4m\u00e4ss\u00e4 Kalajaisten 3.3km mittainen kuntorata ja otta alkul\u00e4mm\u00f6t sielt\u00e4. Rannan grillikatoksessa on saunomisen ja uimisen lomassa hyv\u00e4 tiristell\u00e4 kyl\u00e4seuran tarjoamia makkaroita ja istua iltaa. Ilmoitelkaahan osallistumisestanne vaikka JV WhatsApp ryhm\u00e4n kautta tai suoraan minulle (Juha 0405700500 tai tuisku@nic.fi), siksi ett\u00e4 osaisimme varautua ritt\u00e4vin tarjoiluin. Toivottavasti mahdollisimman moni p\u00e4\u00e4sisi mukaan viett\u00e4m\u00e4\u00e4n iltaa, talkoo porukkamme kesken. Kalajaisten leirikeskushan ei nyky\u00e4\u00e4n ole en\u00e4\u00e4 vapaasti vuokrattavissa, joten harvakseltaan en\u00e4\u00e4 &nbsp;avautuu mahdollisuuksia sinne p\u00e4\u00e4st\u00e4.<\/p>\n<p><a href=\"https:\/\/www.google.com\/maps\/place\/Ilmajoen+Kunnan+Kalajaisten+leirikeskus\/@62.7265931,22.217665,17z\/data=!3m1!4b1!4m11!1m5!8m4!1e2!2s106179217147125918419!3m1!1e1!3m4!1s0x4687dcfbf3ae99cf:0x46f40099ab84dbef!8m2!3d62.7265931!4d22.219859?hl=fi\" target=\"_blank\" rel=\"noopener\">Linkki Ajo ohje google maps.<\/a><\/p>\n<p><a href=\"http:\/\/www.elamysliikunta.fi\/wp-content\/uploads\/kalajaisjarven-kuntorata.pdf\" target=\"_blank\" rel=\"noopener\">Linkki Kalajaisten kuntorata.<\/a><\/p>\n","protected":false},"excerpt":{"rendered":"<p>Sunnuntaina 20.8 klo 15.00 alkaen on ilo kutsua kaikki K\u00f6nnin Kyl\u00e4seuran ahkerat talkoolaisemme koko perheen voimin viett\u00e4m\u00e4\u00e4n Sunnuntaiehtoota kunnan Kalajaisj\u00e4rven leirikeskukseen, tervetulleita ovat kaikki erilaisiin talkoisiimme osallistuneet. Aloitamme kakkukaffeella klo 15 ja leirikeskuksen naisten ja miesten erilliset saunat ovat l\u00e4mpim\u00e4n\u00e4 klo 16 alkaen. Ennen saunaa on my\u00f6s mahdollista k\u00e4yd\u00e4 kiert\u00e4m\u00e4ss\u00e4 Kalajaisten 3.3km mittainen kuntorata ja &hellip; <\/p>\n<p class=\"link-more\"><a href=\"https:\/\/konninkylaseura.net\/?p=4137\" class=\"more-link\">Jatka lukemista<span class=\"screen-reader-text\"> &#8221;Talkookaffeet 20.8 klo 15.00&#8221;<\/span><\/a><\/p>\n","protected":false},"author":12,"featured_media":0,"comment_status":"open","ping_status":"closed","sticky":false,"template":"","format":"standard","meta":{"ngg_post_thumbnail":0,"_jetpack_memberships_contains_paid_content":false,"footnotes":"","jetpack_publicize_message":"","jetpack_publicize_feature_enabled":true,"jetpack_social_post_already_shared":false,"jetpack_social_options":{"image_generator_settings":{"template":"highway","default_image_id":0,"font":"","enabled":false},"version":2}},"categories":[16],"tags":[],"class_list":["post-4137","post","type-post","status-publish","format-standard","hentry","category-hirrenveisto"],"jetpack_publicize_connections":[],"jetpack_featured_media_url":"","jetpack_sharing_enabled":true,"_links":{"self":[{"href":"https:\/\/konninkylaseura.net\/index.php?rest_route=\/wp\/v2\/posts\/4137","targetHints":{"allow":["GET"]}}],"collection":[{"href":"https:\/\/konninkylaseura.net\/index.php?rest_route=\/wp\/v2\/posts"}],"about":[{"href":"https:\/\/konninkylaseura.net\/index.php?rest_route=\/wp\/v2\/types\/post"}],"author":[{"embeddable":true,"href":"https:\/\/konninkylaseura.net\/index.php?rest_route=\/wp\/v2\/users\/12"}],"replies":[{"embeddable":true,"href":"https:\/\/konninkylaseura.net\/index.php?rest_route=%2Fwp%2Fv2%2Fcomments&post=4137"}],"version-history":[{"count":3,"href":"https:\/\/konninkylaseura.net\/index.php?rest_route=\/wp\/v2\/posts\/4137\/revisions"}],"predecessor-version":[{"id":4140,"href":"https:\/\/konninkylaseura.net\/index.php?rest_route=\/wp\/v2\/posts\/4137\/revisions\/4140"}],"wp:attachment":[{"href":"https:\/\/konninkylaseura.net\/index.php?rest_route=%2Fwp%2Fv2%2Fmedia&parent=4137"}],"wp:term":[{"taxonomy":"category","embeddable":true,"href":"https:\/\/konninkylaseura.net\/index.php?rest_route=%2Fwp%2Fv2%2Fcategories&post=4137"},{"taxonomy":"post_tag","embeddable":true,"href":"https:\/\/konninkylaseura.net\/index.php?rest_route=%2Fwp%2Fv2%2Ftags&post=4137"}],"curies":[{"name":"wp","href":"https:\/\/api.w.org\/{rel}","templated":true}]}}