{"id":4112,"date":"2017-07-26T21:14:56","date_gmt":"2017-07-26T19:14:56","guid":{"rendered":"http:\/\/konninkylaseura.net\/?p=4112"},"modified":"2017-07-26T21:47:00","modified_gmt":"2017-07-26T19:47:00","slug":"kylapyoraaly-2-8-2017-klo19","status":"publish","type":"post","link":"https:\/\/konninkylaseura.net\/?p=4112","title":{"rendered":"Kyl\u00e4py\u00f6r\u00e4\u00e4ly 2.8.2017 klo19"},"content":{"rendered":"<p><a href=\"http:\/\/konninkylaseura.net\/wp-content\/uploads\/2017\/07\/IMG_7648.jpg\"><img loading=\"lazy\" decoding=\"async\" class=\"alignleft size-medium wp-image-4111\" src=\"http:\/\/konninkylaseura.net\/wp-content\/uploads\/2017\/07\/IMG_7648-300x225.jpg\" alt=\"\" width=\"300\" height=\"225\" srcset=\"https:\/\/konninkylaseura.net\/wp-content\/uploads\/2017\/07\/IMG_7648-300x225.jpg 300w, https:\/\/konninkylaseura.net\/wp-content\/uploads\/2017\/07\/IMG_7648-768x576.jpg 768w, https:\/\/konninkylaseura.net\/wp-content\/uploads\/2017\/07\/IMG_7648-1024x768.jpg 1024w\" sizes=\"auto, (max-width: 300px) 100vw, 300px\" \/><\/a>Jussin jokisaunoolla py\u00f6r\u00e4\u00e4lty ja suomen kes\u00e4 p\u00e4\u00e4si n\u00e4ytt\u00e4m\u00e4\u00e4n parhaita puoliaan. Jussi tarios py\u00f6r\u00e4\u00e4li\u00f6\u00f6lle nokipannukaffeet ja mokkooset, samalla iskien tarinaa Ilimajoen historiasta ja Alajoen viljelylakeuren synnyst\u00e4.<\/p>\n<p>Kyl\u00e4py\u00f6r\u00e4\u00e4lykes\u00e4 onki k\u00e4\u00e4ntym\u00e4s sitte elokuulle ja viimeesen py\u00f6r\u00e4\u00e4lyt alkavat olla k\u00e4sill\u00e4. Keskiviikkona 2.8 py\u00f6r\u00e4\u00e4lemm\u00e4kin sitte munakkahan ja k\u00e4ymm\u00e4 tutustumas Kuusiston porkkana tilahan.&nbsp;Kuusiston tilaa is\u00e4nn\u00f6iv\u00e4t Anu ja Heikki Kuusisto viljelev\u00e4t porkkanaa maakunnan tarpeisiin.&nbsp;Kuusistot siirtyiv\u00e4t vuonna 2013 t\u00e4rkkelysperunasta porkkanan viljelyyn. Suurin osa sadosta tulee myyntiin v\u00e4hitt\u00e4iskaupoissa Sein\u00e4joen l\u00e4hiseudulla. Ilmajoen MTK valitsi my\u00f6s Kuusiston tilan juuri \u00e4skett\u00e4in Ilmajoen vuoden maatilayritykseksi. Liikkeelle l\u00e4h\u00e4remm\u00e4 tuttuun tapaan kioskilta klo19.00<\/p>\n<p><a href=\"http:\/\/konninkylaseura.net\/kylapyoraalykesa-2017\/\" target=\"_blank\" rel=\"noopener\">Linkki Kyl\u00e4py\u00f6r\u00e4\u00e4lykes\u00e4n arvonta.<\/a><\/p>\n","protected":false},"excerpt":{"rendered":"<p>Jussin jokisaunoolla py\u00f6r\u00e4\u00e4lty ja suomen kes\u00e4 p\u00e4\u00e4si n\u00e4ytt\u00e4m\u00e4\u00e4n parhaita puoliaan. Jussi tarios py\u00f6r\u00e4\u00e4li\u00f6\u00f6lle nokipannukaffeet ja mokkooset, samalla iskien tarinaa Ilimajoen historiasta ja Alajoen viljelylakeuren synnyst\u00e4. Kyl\u00e4py\u00f6r\u00e4\u00e4lykes\u00e4 onki k\u00e4\u00e4ntym\u00e4s sitte elokuulle ja viimeesen py\u00f6r\u00e4\u00e4lyt alkavat olla k\u00e4sill\u00e4. Keskiviikkona 2.8 py\u00f6r\u00e4\u00e4lemm\u00e4kin sitte munakkahan ja k\u00e4ymm\u00e4 tutustumas Kuusiston porkkana tilahan.&nbsp;Kuusiston tilaa is\u00e4nn\u00f6iv\u00e4t Anu ja Heikki Kuusisto viljelev\u00e4t porkkanaa &hellip; <\/p>\n<p class=\"link-more\"><a href=\"https:\/\/konninkylaseura.net\/?p=4112\" class=\"more-link\">Jatka lukemista<span class=\"screen-reader-text\"> &#8221;Kyl\u00e4py\u00f6r\u00e4\u00e4ly 2.8.2017 klo19&#8221;<\/span><\/a><\/p>\n","protected":false},"author":12,"featured_media":0,"comment_status":"open","ping_status":"closed","sticky":false,"template":"","format":"standard","meta":{"ngg_post_thumbnail":0,"_jetpack_memberships_contains_paid_content":false,"footnotes":"","jetpack_publicize_message":"","jetpack_publicize_feature_enabled":true,"jetpack_social_post_already_shared":false,"jetpack_social_options":{"image_generator_settings":{"template":"highway","default_image_id":0,"font":"","enabled":false},"version":2}},"categories":[127],"tags":[],"class_list":["post-4112","post","type-post","status-publish","format-standard","hentry","category-kylapyoraaly"],"jetpack_publicize_connections":[],"jetpack_featured_media_url":"","jetpack_sharing_enabled":true,"_links":{"self":[{"href":"https:\/\/konninkylaseura.net\/index.php?rest_route=\/wp\/v2\/posts\/4112","targetHints":{"allow":["GET"]}}],"collection":[{"href":"https:\/\/konninkylaseura.net\/index.php?rest_route=\/wp\/v2\/posts"}],"about":[{"href":"https:\/\/konninkylaseura.net\/index.php?rest_route=\/wp\/v2\/types\/post"}],"author":[{"embeddable":true,"href":"https:\/\/konninkylaseura.net\/index.php?rest_route=\/wp\/v2\/users\/12"}],"replies":[{"embeddable":true,"href":"https:\/\/konninkylaseura.net\/index.php?rest_route=%2Fwp%2Fv2%2Fcomments&post=4112"}],"version-history":[{"count":7,"href":"https:\/\/konninkylaseura.net\/index.php?rest_route=\/wp\/v2\/posts\/4112\/revisions"}],"predecessor-version":[{"id":4119,"href":"https:\/\/konninkylaseura.net\/index.php?rest_route=\/wp\/v2\/posts\/4112\/revisions\/4119"}],"wp:attachment":[{"href":"https:\/\/konninkylaseura.net\/index.php?rest_route=%2Fwp%2Fv2%2Fmedia&parent=4112"}],"wp:term":[{"taxonomy":"category","embeddable":true,"href":"https:\/\/konninkylaseura.net\/index.php?rest_route=%2Fwp%2Fv2%2Fcategories&post=4112"},{"taxonomy":"post_tag","embeddable":true,"href":"https:\/\/konninkylaseura.net\/index.php?rest_route=%2Fwp%2Fv2%2Ftags&post=4112"}],"curies":[{"name":"wp","href":"https:\/\/api.w.org\/{rel}","templated":true}]}}