{"id":4070,"date":"2017-07-19T21:23:42","date_gmt":"2017-07-19T19:23:42","guid":{"rendered":"http:\/\/konninkylaseura.net\/?p=4070"},"modified":"2017-07-24T10:16:55","modified_gmt":"2017-07-24T08:16:55","slug":"kylapyoraaly-26-7-2017-klo-19","status":"publish","type":"post","link":"https:\/\/konninkylaseura.net\/?p=4070","title":{"rendered":"Kyl\u00e4py\u00f6r\u00e4\u00e4ly 26.7.2017 klo 19"},"content":{"rendered":"<p><a href=\"https:\/\/www.facebook.com\/myllylammenmarjatila\/?fref=ts\" target=\"_blank\" rel=\"noopener\"><img loading=\"lazy\" decoding=\"async\" class=\"alignleft size-thumbnail wp-image-4073\" src=\"http:\/\/konninkylaseura.net\/wp-content\/uploads\/2017\/07\/IMG_7593-150x150.jpg\" alt=\"\" width=\"150\" height=\"150\" srcset=\"https:\/\/konninkylaseura.net\/wp-content\/uploads\/2017\/07\/IMG_7593-150x150.jpg 150w, https:\/\/konninkylaseura.net\/wp-content\/uploads\/2017\/07\/IMG_7593-100x100.jpg 100w\" sizes=\"auto, (max-width: 150px) 100vw, 150px\" \/><\/a><a href=\"https:\/\/www.facebook.com\/myllylammenmarjatila\/?fref=ts\" target=\"_blank\" rel=\"noopener\">Myllylammen marjatilalle<\/a> py\u00f6r\u00e4iltiin koleassa s\u00e4\u00e4ss\u00e4 mutta sadetta ei niskaan t\u00e4ll\u00e4k\u00e4\u00e4n kertaa saatu. Mansikkasesonki alkaa olemaan makeimmillaan ett\u00e4 kannattaa pit\u00e4\u00e4 kierrett\u00e4 jos meinaa kes\u00e4n parasta satoa ehti\u00e4 poimimaan. Makeus oli &nbsp;kyll\u00e4 kohdillaan, suosittelen!<\/p>\n<p>Seuraavan keskiviikon kyl\u00e4py\u00f6r\u00e4\u00e4ly suuntautuukin sitten alajoelle Jussin jokisaunoille. L\u00e4hdet\u00e4\u00e4n polkemaan taas kioskilta 26.7 klo 19. Perill\u00e4 odottaa Kaffeet ja Jussi paisttaa mokkoosia. Matkaahan saunoolle on Harjunpakalta sellaaset 10 km. Muistuttaisin viel\u00e4 ett\u00e4 py\u00f6r\u00e4ilykes\u00e4n iPad arvonta on k\u00e4ynniss\u00e4.<\/p>\n<p><a href=\"http:\/\/www.lakeudenluontopalvelut.fi\/jussinjokisaunat\" target=\"_blank\" rel=\"noopener\">Linkki Jussin jokisaunat.<\/a><\/p>\n<p><a href=\"http:\/\/konninkylaseura.net\/kylapyoraalykesa-2017\/\" target=\"_blank\" rel=\"noopener\">Linkki Py\u00f6r\u00e4ilykes\u00e4n arvonta.<\/a><\/p>\n","protected":false},"excerpt":{"rendered":"<p>Myllylammen marjatilalle py\u00f6r\u00e4iltiin koleassa s\u00e4\u00e4ss\u00e4 mutta sadetta ei niskaan t\u00e4ll\u00e4k\u00e4\u00e4n kertaa saatu. Mansikkasesonki alkaa olemaan makeimmillaan ett\u00e4 kannattaa pit\u00e4\u00e4 kierrett\u00e4 jos meinaa kes\u00e4n parasta satoa ehti\u00e4 poimimaan. Makeus oli &nbsp;kyll\u00e4 kohdillaan, suosittelen! Seuraavan keskiviikon kyl\u00e4py\u00f6r\u00e4\u00e4ly suuntautuukin sitten alajoelle Jussin jokisaunoille. L\u00e4hdet\u00e4\u00e4n polkemaan taas kioskilta 26.7 klo 19. Perill\u00e4 odottaa Kaffeet ja Jussi paisttaa mokkoosia. Matkaahan &hellip; <\/p>\n<p class=\"link-more\"><a href=\"https:\/\/konninkylaseura.net\/?p=4070\" class=\"more-link\">Jatka lukemista<span class=\"screen-reader-text\"> &#8221;Kyl\u00e4py\u00f6r\u00e4\u00e4ly 26.7.2017 klo 19&#8221;<\/span><\/a><\/p>\n","protected":false},"author":12,"featured_media":0,"comment_status":"open","ping_status":"closed","sticky":false,"template":"","format":"standard","meta":{"ngg_post_thumbnail":0,"_jetpack_memberships_contains_paid_content":false,"footnotes":"","jetpack_publicize_message":"","jetpack_publicize_feature_enabled":true,"jetpack_social_post_already_shared":false,"jetpack_social_options":{"image_generator_settings":{"template":"highway","default_image_id":0,"font":"","enabled":false},"version":2}},"categories":[127],"tags":[],"class_list":["post-4070","post","type-post","status-publish","format-standard","hentry","category-kylapyoraaly"],"jetpack_publicize_connections":[],"jetpack_featured_media_url":"","jetpack_sharing_enabled":true,"_links":{"self":[{"href":"https:\/\/konninkylaseura.net\/index.php?rest_route=\/wp\/v2\/posts\/4070","targetHints":{"allow":["GET"]}}],"collection":[{"href":"https:\/\/konninkylaseura.net\/index.php?rest_route=\/wp\/v2\/posts"}],"about":[{"href":"https:\/\/konninkylaseura.net\/index.php?rest_route=\/wp\/v2\/types\/post"}],"author":[{"embeddable":true,"href":"https:\/\/konninkylaseura.net\/index.php?rest_route=\/wp\/v2\/users\/12"}],"replies":[{"embeddable":true,"href":"https:\/\/konninkylaseura.net\/index.php?rest_route=%2Fwp%2Fv2%2Fcomments&post=4070"}],"version-history":[{"count":4,"href":"https:\/\/konninkylaseura.net\/index.php?rest_route=\/wp\/v2\/posts\/4070\/revisions"}],"predecessor-version":[{"id":4076,"href":"https:\/\/konninkylaseura.net\/index.php?rest_route=\/wp\/v2\/posts\/4070\/revisions\/4076"}],"wp:attachment":[{"href":"https:\/\/konninkylaseura.net\/index.php?rest_route=%2Fwp%2Fv2%2Fmedia&parent=4070"}],"wp:term":[{"taxonomy":"category","embeddable":true,"href":"https:\/\/konninkylaseura.net\/index.php?rest_route=%2Fwp%2Fv2%2Fcategories&post=4070"},{"taxonomy":"post_tag","embeddable":true,"href":"https:\/\/konninkylaseura.net\/index.php?rest_route=%2Fwp%2Fv2%2Ftags&post=4070"}],"curies":[{"name":"wp","href":"https:\/\/api.w.org\/{rel}","templated":true}]}}