{"id":4061,"date":"2017-07-12T20:33:15","date_gmt":"2017-07-12T18:33:15","guid":{"rendered":"http:\/\/konninkylaseura.net\/?p=4061"},"modified":"2017-07-24T10:16:33","modified_gmt":"2017-07-24T08:16:33","slug":"kylapyoraaly-19-7-2017-klo-19-00","status":"publish","type":"post","link":"https:\/\/konninkylaseura.net\/?p=4061","title":{"rendered":"Kyl\u00e4py\u00f6r\u00e4\u00e4ly 19.7.2017 klo 19.00"},"content":{"rendered":"<p><a href=\"http:\/\/konninkylaseura.net\/wp-content\/uploads\/2017\/07\/IMG_7471.jpg\"><img loading=\"lazy\" decoding=\"async\" class=\"alignleft size-medium wp-image-4060\" src=\"http:\/\/konninkylaseura.net\/wp-content\/uploads\/2017\/07\/IMG_7471-300x225.jpg\" alt=\"\" width=\"300\" height=\"225\" srcset=\"https:\/\/konninkylaseura.net\/wp-content\/uploads\/2017\/07\/IMG_7471-300x225.jpg 300w, https:\/\/konninkylaseura.net\/wp-content\/uploads\/2017\/07\/IMG_7471-768x576.jpg 768w, https:\/\/konninkylaseura.net\/wp-content\/uploads\/2017\/07\/IMG_7471-1024x768.jpg 1024w\" sizes=\"auto, (max-width: 300px) 100vw, 300px\" \/><\/a>Ilmajoen keskuspuhdistamoon tutustuttu ja puhdistamon hoitaja Ari Luoma antoi hyvin sekkaper\u00e4isen esittelyn laitoksen toiminnasta jossa monikaan ei aikaisemmin ole p\u00e4\u00e4ssyt vierailemaan.<\/p>\n<p>Keskiviikkona 19.7.2017 suunnataankin kohden Lahdentiet\u00e4 ja Myllylammen marjatilaa. Mansikkasesongin pit\u00e4isi olla niihin aikoihin kuumimmillaan. Polkaistaan py\u00f6r\u00e4t matkaan kioskilta klo 19.00<\/p>\n<p><a href=\"https:\/\/www.facebook.com\/myllylammenmarjatila\/\" target=\"_blank\" rel=\"noopener\">Linkki Myllylammen marjatila Fasebookissa<\/a><\/p>\n","protected":false},"excerpt":{"rendered":"<p>Ilmajoen keskuspuhdistamoon tutustuttu ja puhdistamon hoitaja Ari Luoma antoi hyvin sekkaper\u00e4isen esittelyn laitoksen toiminnasta jossa monikaan ei aikaisemmin ole p\u00e4\u00e4ssyt vierailemaan. Keskiviikkona 19.7.2017 suunnataankin kohden Lahdentiet\u00e4 ja Myllylammen marjatilaa. Mansikkasesongin pit\u00e4isi olla niihin aikoihin kuumimmillaan. Polkaistaan py\u00f6r\u00e4t matkaan kioskilta klo 19.00 Linkki Myllylammen marjatila Fasebookissa<\/p>\n","protected":false},"author":12,"featured_media":0,"comment_status":"open","ping_status":"closed","sticky":false,"template":"","format":"standard","meta":{"ngg_post_thumbnail":0,"_jetpack_memberships_contains_paid_content":false,"footnotes":"","jetpack_publicize_message":"","jetpack_publicize_feature_enabled":true,"jetpack_social_post_already_shared":false,"jetpack_social_options":{"image_generator_settings":{"template":"highway","default_image_id":0,"font":"","enabled":false},"version":2}},"categories":[127],"tags":[],"class_list":["post-4061","post","type-post","status-publish","format-standard","hentry","category-kylapyoraaly"],"jetpack_publicize_connections":[],"jetpack_featured_media_url":"","jetpack_sharing_enabled":true,"_links":{"self":[{"href":"https:\/\/konninkylaseura.net\/index.php?rest_route=\/wp\/v2\/posts\/4061","targetHints":{"allow":["GET"]}}],"collection":[{"href":"https:\/\/konninkylaseura.net\/index.php?rest_route=\/wp\/v2\/posts"}],"about":[{"href":"https:\/\/konninkylaseura.net\/index.php?rest_route=\/wp\/v2\/types\/post"}],"author":[{"embeddable":true,"href":"https:\/\/konninkylaseura.net\/index.php?rest_route=\/wp\/v2\/users\/12"}],"replies":[{"embeddable":true,"href":"https:\/\/konninkylaseura.net\/index.php?rest_route=%2Fwp%2Fv2%2Fcomments&post=4061"}],"version-history":[{"count":5,"href":"https:\/\/konninkylaseura.net\/index.php?rest_route=\/wp\/v2\/posts\/4061\/revisions"}],"predecessor-version":[{"id":4066,"href":"https:\/\/konninkylaseura.net\/index.php?rest_route=\/wp\/v2\/posts\/4061\/revisions\/4066"}],"wp:attachment":[{"href":"https:\/\/konninkylaseura.net\/index.php?rest_route=%2Fwp%2Fv2%2Fmedia&parent=4061"}],"wp:term":[{"taxonomy":"category","embeddable":true,"href":"https:\/\/konninkylaseura.net\/index.php?rest_route=%2Fwp%2Fv2%2Fcategories&post=4061"},{"taxonomy":"post_tag","embeddable":true,"href":"https:\/\/konninkylaseura.net\/index.php?rest_route=%2Fwp%2Fv2%2Ftags&post=4061"}],"curies":[{"name":"wp","href":"https:\/\/api.w.org\/{rel}","templated":true}]}}