{"id":4034,"date":"2017-06-29T01:16:19","date_gmt":"2017-06-28T23:16:19","guid":{"rendered":"http:\/\/konninkylaseura.net\/?p=4034"},"modified":"2017-07-05T21:32:31","modified_gmt":"2017-07-05T19:32:31","slug":"kylapyoraaly-5-7-2017-klo-19","status":"publish","type":"post","link":"https:\/\/konninkylaseura.net\/?p=4034","title":{"rendered":"Kyl\u00e4py\u00f6r\u00e4\u00e4ly 5.7.2017 klo 19"},"content":{"rendered":"<p>Koskenkorvan Trahteerin aitosaunan lempeit\u00e4 l\u00f6ylyj\u00e4 k\u00e4yty kokeelemas ja hyv\u00e4t oli. p\u00e4\u00e4lle viel\u00e4 maittavat Wokkipannut niin jaksoo hyvin py\u00f6r\u00e4\u00e4ll\u00e4 kotiakki. Voin suositella Trahteerin avointa saunaehtoota kaikille ja niit\u00e4 j\u00e4riestet\u00e4h\u00e4n viel\u00e4 t\u00e4n\u00e4kes\u00e4n\u00e4 parina ehtoona. 12 ja 26.7&nbsp;<\/p>\n<p>Seuraava kyl\u00e4py\u00f6r\u00e4\u00e4ly suuntautuukin sitte Ilimajoen l\u00e4\u00e4kint\u00e4varikolle joka on toiminut alueella jo l\u00e4hes 70 vuotta. Toimintaa on lupautunut esittelem\u00e4\u00e4n varastop\u00e4\u00e4likk\u00f6 Tuomo Tammela. Polkaistaan py\u00f6r\u00e4t liikkeelle kyl\u00e4kioskilta klo 19.00<\/p>\n<p><a href=\"https:\/\/yle.fi\/uutiset\/3-8903339\" target=\"_blank\" rel=\"noopener\">Linkki Ylen juttuun L\u00e4\u00e4kint\u00e4varikosta vuoden takaa.<\/a><\/p>\n<p><a href=\"http:\/\/konninkylaseura.net\/kylapyoraalykesa-2017\/\" target=\"_blank\" rel=\"noopener\">Lis\u00e4tietoa kyl\u00e4py\u00f6r\u00e4\u00e4lykes\u00e4n arvonnasta.<\/a><\/p>\n","protected":false},"excerpt":{"rendered":"<p>Koskenkorvan Trahteerin aitosaunan lempeit\u00e4 l\u00f6ylyj\u00e4 k\u00e4yty kokeelemas ja hyv\u00e4t oli. p\u00e4\u00e4lle viel\u00e4 maittavat Wokkipannut niin jaksoo hyvin py\u00f6r\u00e4\u00e4ll\u00e4 kotiakki. Voin suositella Trahteerin avointa saunaehtoota kaikille ja niit\u00e4 j\u00e4riestet\u00e4h\u00e4n viel\u00e4 t\u00e4n\u00e4kes\u00e4n\u00e4 parina ehtoona. 12 ja 26.7&nbsp; Seuraava kyl\u00e4py\u00f6r\u00e4\u00e4ly suuntautuukin sitte Ilimajoen l\u00e4\u00e4kint\u00e4varikolle joka on toiminut alueella jo l\u00e4hes 70 vuotta. Toimintaa on lupautunut esittelem\u00e4\u00e4n varastop\u00e4\u00e4likk\u00f6 Tuomo &hellip; <\/p>\n<p class=\"link-more\"><a href=\"https:\/\/konninkylaseura.net\/?p=4034\" class=\"more-link\">Jatka lukemista<span class=\"screen-reader-text\"> &#8221;Kyl\u00e4py\u00f6r\u00e4\u00e4ly 5.7.2017 klo 19&#8221;<\/span><\/a><\/p>\n","protected":false},"author":12,"featured_media":0,"comment_status":"open","ping_status":"closed","sticky":false,"template":"","format":"standard","meta":{"ngg_post_thumbnail":0,"_jetpack_memberships_contains_paid_content":false,"footnotes":"","jetpack_publicize_message":"","jetpack_publicize_feature_enabled":true,"jetpack_social_post_already_shared":false,"jetpack_social_options":{"image_generator_settings":{"template":"highway","default_image_id":0,"font":"","enabled":false},"version":2}},"categories":[1],"tags":[],"class_list":["post-4034","post","type-post","status-publish","format-standard","hentry","category-uncategorized"],"jetpack_publicize_connections":[],"jetpack_featured_media_url":"","jetpack_sharing_enabled":true,"_links":{"self":[{"href":"https:\/\/konninkylaseura.net\/index.php?rest_route=\/wp\/v2\/posts\/4034","targetHints":{"allow":["GET"]}}],"collection":[{"href":"https:\/\/konninkylaseura.net\/index.php?rest_route=\/wp\/v2\/posts"}],"about":[{"href":"https:\/\/konninkylaseura.net\/index.php?rest_route=\/wp\/v2\/types\/post"}],"author":[{"embeddable":true,"href":"https:\/\/konninkylaseura.net\/index.php?rest_route=\/wp\/v2\/users\/12"}],"replies":[{"embeddable":true,"href":"https:\/\/konninkylaseura.net\/index.php?rest_route=%2Fwp%2Fv2%2Fcomments&post=4034"}],"version-history":[{"count":2,"href":"https:\/\/konninkylaseura.net\/index.php?rest_route=\/wp\/v2\/posts\/4034\/revisions"}],"predecessor-version":[{"id":4036,"href":"https:\/\/konninkylaseura.net\/index.php?rest_route=\/wp\/v2\/posts\/4034\/revisions\/4036"}],"wp:attachment":[{"href":"https:\/\/konninkylaseura.net\/index.php?rest_route=%2Fwp%2Fv2%2Fmedia&parent=4034"}],"wp:term":[{"taxonomy":"category","embeddable":true,"href":"https:\/\/konninkylaseura.net\/index.php?rest_route=%2Fwp%2Fv2%2Fcategories&post=4034"},{"taxonomy":"post_tag","embeddable":true,"href":"https:\/\/konninkylaseura.net\/index.php?rest_route=%2Fwp%2Fv2%2Ftags&post=4034"}],"curies":[{"name":"wp","href":"https:\/\/api.w.org\/{rel}","templated":true}]}}