{"id":3921,"date":"2017-06-14T21:04:45","date_gmt":"2017-06-14T19:04:45","guid":{"rendered":"http:\/\/konninkylaseura.net\/?p=3921"},"modified":"2017-06-14T21:05:05","modified_gmt":"2017-06-14T19:05:05","slug":"kylapyoraaly-21-6-2017-klo-19-00","status":"publish","type":"post","link":"https:\/\/konninkylaseura.net\/?p=3921","title":{"rendered":"Kyl\u00e4py\u00f6r\u00e4\u00e4ly 21.6.2017 klo 19.00"},"content":{"rendered":"<p><a href=\"http:\/\/konninkylaseura.net\/wp-content\/uploads\/2017\/06\/IMG_6528.jpg\"><img loading=\"lazy\" decoding=\"async\" class=\"alignleft size-medium wp-image-3920\" src=\"http:\/\/konninkylaseura.net\/wp-content\/uploads\/2017\/06\/IMG_6528-300x225.jpg\" alt=\"\" width=\"300\" height=\"225\" srcset=\"https:\/\/konninkylaseura.net\/wp-content\/uploads\/2017\/06\/IMG_6528-300x225.jpg 300w, https:\/\/konninkylaseura.net\/wp-content\/uploads\/2017\/06\/IMG_6528-768x576.jpg 768w, https:\/\/konninkylaseura.net\/wp-content\/uploads\/2017\/06\/IMG_6528-1024x768.jpg 1024w\" sizes=\"auto, (max-width: 300px) 100vw, 300px\" \/><\/a>Ensimm\u00e4inen varsinainen porukalla suoritettu kyl\u00e4py\u00f6r\u00e4ily takana. Py\u00f6r\u00e4ily suuntautui n\u00e4in ensimm\u00e4isen\u00e4 Yli-Lauroselan talomuseolle, jossa meille kerrottiin Talon vaiheista vuosisatojen saatossa. hyvin v\u00e4ki l\u00e4hti liikkeelle kes\u00e4auringon saattelemana. Matkalla joukkomme kasvoi noin 25 py\u00f6r\u00e4ilij\u00e4n vahvuuteen.<\/p>\n<p>Seuraava kohteemme onkin Kivikyd\u00f6ntiell\u00e4 oleva Raila Lehtolan kotipuutarha.&nbsp;Railan rakentama&nbsp;puutarha voitti&nbsp;Oma Piha -lehden j\u00e4rjest\u00e4m\u00e4n Suomen paras piha -kilpailun, johon nyt p\u00e4\u00e4semme tutustumaan. L\u00e4hdet\u00e4\u00e4n tuttuun tapaan klo 19.00 kyl\u00e4kioskilta kohti kivikyd\u00f6n keidasta, matkaa suuntaansa kioskilta kertyy noin 9km.<\/p>\n<p><a href=\"https:\/\/www.ilkka.fi\/uutiset\/kotimaa\/ilmajokelainen-raila-haki-p\u00e4iv\u00e4postin-laatikosta-lehden-kannesta-paljastui-upea-voitto-1.2196222\" target=\"_blank\" rel=\"noopener noreferrer\">Linkki: Ilkka lehden juttu Kivikyd\u00f6n keitaasta.<\/a><\/p>\n","protected":false},"excerpt":{"rendered":"<p>Ensimm\u00e4inen varsinainen porukalla suoritettu kyl\u00e4py\u00f6r\u00e4ily takana. Py\u00f6r\u00e4ily suuntautui n\u00e4in ensimm\u00e4isen\u00e4 Yli-Lauroselan talomuseolle, jossa meille kerrottiin Talon vaiheista vuosisatojen saatossa. hyvin v\u00e4ki l\u00e4hti liikkeelle kes\u00e4auringon saattelemana. Matkalla joukkomme kasvoi noin 25 py\u00f6r\u00e4ilij\u00e4n vahvuuteen. Seuraava kohteemme onkin Kivikyd\u00f6ntiell\u00e4 oleva Raila Lehtolan kotipuutarha.&nbsp;Railan rakentama&nbsp;puutarha voitti&nbsp;Oma Piha -lehden j\u00e4rjest\u00e4m\u00e4n Suomen paras piha -kilpailun, johon nyt p\u00e4\u00e4semme tutustumaan. L\u00e4hdet\u00e4\u00e4n tuttuun &hellip; <\/p>\n<p class=\"link-more\"><a href=\"https:\/\/konninkylaseura.net\/?p=3921\" class=\"more-link\">Jatka lukemista<span class=\"screen-reader-text\"> &#8221;Kyl\u00e4py\u00f6r\u00e4\u00e4ly 21.6.2017 klo 19.00&#8221;<\/span><\/a><\/p>\n","protected":false},"author":12,"featured_media":0,"comment_status":"open","ping_status":"closed","sticky":false,"template":"","format":"standard","meta":{"ngg_post_thumbnail":0,"_jetpack_memberships_contains_paid_content":false,"footnotes":"","jetpack_publicize_message":"","jetpack_publicize_feature_enabled":true,"jetpack_social_post_already_shared":false,"jetpack_social_options":{"image_generator_settings":{"template":"highway","default_image_id":0,"font":"","enabled":false},"version":2}},"categories":[127,7],"tags":[],"class_list":["post-3921","post","type-post","status-publish","format-standard","hentry","category-kylapyoraaly","category-liikunta"],"jetpack_publicize_connections":[],"jetpack_featured_media_url":"","jetpack_sharing_enabled":true,"_links":{"self":[{"href":"https:\/\/konninkylaseura.net\/index.php?rest_route=\/wp\/v2\/posts\/3921","targetHints":{"allow":["GET"]}}],"collection":[{"href":"https:\/\/konninkylaseura.net\/index.php?rest_route=\/wp\/v2\/posts"}],"about":[{"href":"https:\/\/konninkylaseura.net\/index.php?rest_route=\/wp\/v2\/types\/post"}],"author":[{"embeddable":true,"href":"https:\/\/konninkylaseura.net\/index.php?rest_route=\/wp\/v2\/users\/12"}],"replies":[{"embeddable":true,"href":"https:\/\/konninkylaseura.net\/index.php?rest_route=%2Fwp%2Fv2%2Fcomments&post=3921"}],"version-history":[{"count":1,"href":"https:\/\/konninkylaseura.net\/index.php?rest_route=\/wp\/v2\/posts\/3921\/revisions"}],"predecessor-version":[{"id":3923,"href":"https:\/\/konninkylaseura.net\/index.php?rest_route=\/wp\/v2\/posts\/3921\/revisions\/3923"}],"wp:attachment":[{"href":"https:\/\/konninkylaseura.net\/index.php?rest_route=%2Fwp%2Fv2%2Fmedia&parent=3921"}],"wp:term":[{"taxonomy":"category","embeddable":true,"href":"https:\/\/konninkylaseura.net\/index.php?rest_route=%2Fwp%2Fv2%2Fcategories&post=3921"},{"taxonomy":"post_tag","embeddable":true,"href":"https:\/\/konninkylaseura.net\/index.php?rest_route=%2Fwp%2Fv2%2Ftags&post=3921"}],"curies":[{"name":"wp","href":"https:\/\/api.w.org\/{rel}","templated":true}]}}