{"id":3859,"date":"2017-05-25T20:19:28","date_gmt":"2017-05-25T18:19:28","guid":{"rendered":"http:\/\/konninkylaseura.net\/?p=3859"},"modified":"2017-06-08T08:45:21","modified_gmt":"2017-06-08T06:45:21","slug":"kylvonsiunaus-kylatalolla","status":"publish","type":"post","link":"https:\/\/konninkylaseura.net\/?p=3859","title":{"rendered":"Kylv\u00f6nsiunaus K\u00f6nnin kyl\u00e4talolla"},"content":{"rendered":"<p><a href=\"http:\/\/www.theamb.net\/index.php\" target=\"_blank\" rel=\"noopener noreferrer\"><img loading=\"lazy\" decoding=\"async\" class=\"alignleft size-medium wp-image-3894\" src=\"http:\/\/konninkylaseura.net\/wp-content\/uploads\/2017\/06\/IMG_6246-218x300.jpg\" alt=\"\" width=\"218\" height=\"300\" srcset=\"https:\/\/konninkylaseura.net\/wp-content\/uploads\/2017\/06\/IMG_6246-218x300.jpg 218w, https:\/\/konninkylaseura.net\/wp-content\/uploads\/2017\/06\/IMG_6246-768x1059.jpg 768w, https:\/\/konninkylaseura.net\/wp-content\/uploads\/2017\/06\/IMG_6246-742x1024.jpg 742w, https:\/\/konninkylaseura.net\/wp-content\/uploads\/2017\/06\/IMG_6246.jpg 1044w\" sizes=\"auto, (max-width: 218px) 100vw, 218px\" \/><\/a>K\u00f6nnin kyl\u00e4seura j\u00e4rjest\u00e4\u00e4 yhteisty\u00f6ss\u00e4 Ilmajoen seurakunnan ja MTK Ilmajoen kanssa jo perinteiseksi muodostuneen kylv\u00f6nsiunauksen keskiviikkona 7.6.2017 klo 19.00 alkaen.<\/p>\n<p>T\u00e4m\u00e4 on samalla kyl\u00e4py\u00f6r\u00e4ilykes\u00e4n startti, joten py\u00f6r\u00e4\u00e4ll\u00e4h\u00e4n paikalle mutta saa tulla mill\u00e4 konstilla tahansa. py\u00f6r\u00e4ilyt jatkuvat sitten keskiviikkoisin normaalilla yhteisl\u00e4hd\u00f6ll\u00e4 &nbsp;kyl\u00e4kioskilta n\u00e4ill\u00e4 sivuilla ilmoitettavan ohjelman mukaisesti.<!--more--><\/p>\n<p>K\u00f6nnin kyl\u00e4talon kent\u00e4lle, peltolakeuden laidalle kokoonnutaan kuulemaan, kun Ilmajoen seurakuntapastori Jussi Haavisto&nbsp;siunaa kev\u00e4\u00e4n kylv\u00f6t. Alunperin kirkkoherra Kari Mantereen piti saapua suorittamaan siunaus, mutta h\u00e4nen on estynyt saapumasta.<\/p>\n<p>Illan Musiikillisesta annista vastaa&nbsp;Jarkko Hautalan luotsaama <a href=\"http:\/\/www.theamb.net\/index.php\" target=\"_blank\" rel=\"noopener noreferrer\">AMB the Blues Band<\/a>.&nbsp;Tervetuloa mukaan v\u00e4h\u00e4n kauempaakin viett\u00e4m\u00e4\u00e4n &nbsp;rennossa tunnelmassa&nbsp;keskiviikko ehtoota hartauden ja blues musiikin parissa. Kyl\u00e4seura tarjoaa nisukaffeet ja MTK makkarat. Tapahtuma on ulkona joten varaudutaan s\u00e4\u00e4nmukaisesti mutta t\u00e4m\u00e4nhetkisten ennustusten mukaan on keskiviikosta tulossa t\u00e4m\u00e4n viikon komeen p\u00e4iv\u00e4 ja ilta.<\/p>\n<p><a href=\"https:\/\/www.google.fi\/maps\/place\/K\u00f6nnin+Kyl\u00e4seura+Ry\/@62.7961181,22.570301,617m\/data=!3m1!1e3!4m5!3m4!1s0x0:0xe5eb381c9cfcf69d!8m2!3d62.7959343!4d22.5723177\" target=\"_blank\" rel=\"noopener noreferrer\">Kartta: K\u00f6nnin kyl\u00e4talo.<\/a><\/p>\n<p><a href=\"https:\/\/www.facebook.com\/ambtheband\/\" target=\"_blank\" rel=\"noopener noreferrer\">Linkki AMB;n Facebook sivulle.<\/a><\/p>\n","protected":false},"excerpt":{"rendered":"<p>K\u00f6nnin kyl\u00e4seura j\u00e4rjest\u00e4\u00e4 yhteisty\u00f6ss\u00e4 Ilmajoen seurakunnan ja MTK Ilmajoen kanssa jo perinteiseksi muodostuneen kylv\u00f6nsiunauksen keskiviikkona 7.6.2017 klo 19.00 alkaen. T\u00e4m\u00e4 on samalla kyl\u00e4py\u00f6r\u00e4ilykes\u00e4n startti, joten py\u00f6r\u00e4\u00e4ll\u00e4h\u00e4n paikalle mutta saa tulla mill\u00e4 konstilla tahansa. py\u00f6r\u00e4ilyt jatkuvat sitten keskiviikkoisin normaalilla yhteisl\u00e4hd\u00f6ll\u00e4 &nbsp;kyl\u00e4kioskilta n\u00e4ill\u00e4 sivuilla ilmoitettavan ohjelman mukaisesti.<\/p>\n","protected":false},"author":12,"featured_media":0,"comment_status":"open","ping_status":"closed","sticky":false,"template":"","format":"standard","meta":{"ngg_post_thumbnail":0,"_jetpack_memberships_contains_paid_content":false,"footnotes":"","jetpack_publicize_message":"","jetpack_publicize_feature_enabled":true,"jetpack_social_post_already_shared":false,"jetpack_social_options":{"image_generator_settings":{"template":"highway","default_image_id":0,"font":"","enabled":false},"version":2}},"categories":[7],"tags":[],"class_list":["post-3859","post","type-post","status-publish","format-standard","hentry","category-liikunta"],"jetpack_publicize_connections":[],"jetpack_featured_media_url":"","jetpack_sharing_enabled":true,"_links":{"self":[{"href":"https:\/\/konninkylaseura.net\/index.php?rest_route=\/wp\/v2\/posts\/3859","targetHints":{"allow":["GET"]}}],"collection":[{"href":"https:\/\/konninkylaseura.net\/index.php?rest_route=\/wp\/v2\/posts"}],"about":[{"href":"https:\/\/konninkylaseura.net\/index.php?rest_route=\/wp\/v2\/types\/post"}],"author":[{"embeddable":true,"href":"https:\/\/konninkylaseura.net\/index.php?rest_route=\/wp\/v2\/users\/12"}],"replies":[{"embeddable":true,"href":"https:\/\/konninkylaseura.net\/index.php?rest_route=%2Fwp%2Fv2%2Fcomments&post=3859"}],"version-history":[{"count":14,"href":"https:\/\/konninkylaseura.net\/index.php?rest_route=\/wp\/v2\/posts\/3859\/revisions"}],"predecessor-version":[{"id":3909,"href":"https:\/\/konninkylaseura.net\/index.php?rest_route=\/wp\/v2\/posts\/3859\/revisions\/3909"}],"wp:attachment":[{"href":"https:\/\/konninkylaseura.net\/index.php?rest_route=%2Fwp%2Fv2%2Fmedia&parent=3859"}],"wp:term":[{"taxonomy":"category","embeddable":true,"href":"https:\/\/konninkylaseura.net\/index.php?rest_route=%2Fwp%2Fv2%2Fcategories&post=3859"},{"taxonomy":"post_tag","embeddable":true,"href":"https:\/\/konninkylaseura.net\/index.php?rest_route=%2Fwp%2Fv2%2Ftags&post=3859"}],"curies":[{"name":"wp","href":"https:\/\/api.w.org\/{rel}","templated":true}]}}