{"id":2996,"date":"2015-12-15T21:07:34","date_gmt":"2015-12-15T19:07:34","guid":{"rendered":"http:\/\/konninkylaseura.net\/?p=2996"},"modified":"2015-12-15T21:07:34","modified_gmt":"2015-12-15T19:07:34","slug":"kylakalenterit-saapuneet","status":"publish","type":"post","link":"https:\/\/konninkylaseura.net\/?p=2996","title":{"rendered":"KYL\u00c4KALENTERIT SAAPUNEET!"},"content":{"rendered":"<div>\n<div id=\"js_2\" data-ft=\"{&quot;tn&quot;:&quot;K&quot;}\">\n<p>KYL\u00c4KALENTERIT OVAT NYT SAAPUNEET! Kalentereita on haettavissa Kyl\u00e4talolta PE 18.12. klo 17-19.<!--more--><\/p>\n<p>Nyt kaikki nykyiset ja entiset kyl\u00e4l\u00e4iset hakemaan oma, hieno kalenteri ensi vuodelle hintaan 10e\/kpl. Kalenterissa kauniita kuvia kyl\u00e4st\u00e4mme jokaisena vuodenaikana.<\/p>\n<p>Ellet p\u00e4\u00e4se paikalle perjantaina, kalentereita saa erikseen sopimalla ja soittamalla Ainolle 040 9606620. Toivotaan, ett\u00e4 kalenterit tekev\u00e4t kauppansa viimeist\u00e4 kappaletta my\u00f6ten!<\/p>\n<div><\/div>\n<\/div>\n<div>\n<div data-ft=\"{&quot;tn&quot;:&quot;H&quot;}\">\n<div>\n<div>\n<div><img loading=\"lazy\" decoding=\"async\" alt=\"Henkil\u00f6n Aino V\u00e4lkkil\u00e4 kuva.\" src=\"https:\/\/scontent-ams3-1.xx.fbcdn.net\/hphotos-xaf1\/v\/t1.0-0\/s480x480\/12391170_933927543384218_7938424691630330447_n.jpg?oh=88a43801aec046d49c9e154e8ad381f3&amp;oe=5710124C\" width=\"480\" height=\"360\" \/><\/div>\n<div><img loading=\"lazy\" decoding=\"async\" alt=\"Henkil\u00f6n Aino V\u00e4lkkil\u00e4 kuva.\" src=\"https:\/\/scontent-ams3-1.xx.fbcdn.net\/hphotos-xtf1\/v\/t1.0-9\/s851x315\/12347902_933927570050882_7906318348596101904_n.jpg?oh=47d0cf79f7e8ccd305086c36c6cdc56f&amp;oe=56E3FBB5\" width=\"236\" height=\"315\" \/><\/div>\n<div><img loading=\"lazy\" decoding=\"async\" alt=\"Henkil\u00f6n Aino V\u00e4lkkil\u00e4 kuva.\" src=\"https:\/\/scontent-ams3-1.xx.fbcdn.net\/hphotos-xft1\/v\/t1.0-0\/p235x165\/12359928_933927756717530_2586499688756964976_n.jpg?oh=7cfffd805c5c99580ea40f373e6f34af&amp;oe=56DDBD2A\" width=\"235\" height=\"313\" \/><\/div>\n<\/div>\n<\/div>\n<\/div>\n<\/div>\n<\/div>\n<div>\n<form id=\"u_ps_0_0_8\" action=\"https:\/\/www.facebook.com\/ajax\/ufi\/modify.php\" method=\"post\" data-ft=\"{&quot;tn&quot;:&quot;]&quot;}\">\n<div>\n<div>\n<div>\n<div>\n<div><a role=\"button\" href=\"https:\/\/www.facebook.com\/#\" data-reactroot=\"\" data-testid=\"fb-ufi-likelink\" data-ft=\"{&quot;tn&quot;:&quot;&gt;&quot;}\">Tykk\u00e4\u00e4<\/a><a title=\"J\u00e4t\u00e4 kommentti\" role=\"button\" href=\"https:\/\/www.facebook.com\/#\" data-reactroot=\"\" data-ft=\"{ &quot;tn&quot;: &quot;S&quot;, &quot;type&quot;: 24 }\">Kommentoi<\/a><a title=\"L\u00e4het\u00e4 t\u00e4m\u00e4 kavereille tai julkaise se aikajanallasi.\" href=\"https:\/\/www.facebook.com\/#\" data-reactroot=\"\" data-ft=\"{ &quot;tn&quot;: &quot;J&quot;, &quot;type&quot;: 25 }\">Jaa<\/a><\/div>\n<\/div>\n<\/div>\n<\/div>\n<\/div>\n<\/form>\n<\/div>\n","protected":false},"excerpt":{"rendered":"<p>KYL\u00c4KALENTERIT OVAT NYT SAAPUNEET! Kalentereita on haettavissa Kyl\u00e4talolta PE 18.12. klo 17-19.<\/p>\n","protected":false},"author":7,"featured_media":0,"comment_status":"open","ping_status":"closed","sticky":false,"template":"","format":"standard","meta":{"ngg_post_thumbnail":0,"_jetpack_memberships_contains_paid_content":false,"footnotes":"","jetpack_publicize_message":"","jetpack_publicize_feature_enabled":true,"jetpack_social_post_already_shared":false,"jetpack_social_options":{"image_generator_settings":{"template":"highway","default_image_id":0,"font":"","enabled":false},"version":2}},"categories":[1],"tags":[],"class_list":["post-2996","post","type-post","status-publish","format-standard","hentry","category-uncategorized"],"jetpack_publicize_connections":[],"jetpack_featured_media_url":"","jetpack_sharing_enabled":true,"_links":{"self":[{"href":"https:\/\/konninkylaseura.net\/index.php?rest_route=\/wp\/v2\/posts\/2996","targetHints":{"allow":["GET"]}}],"collection":[{"href":"https:\/\/konninkylaseura.net\/index.php?rest_route=\/wp\/v2\/posts"}],"about":[{"href":"https:\/\/konninkylaseura.net\/index.php?rest_route=\/wp\/v2\/types\/post"}],"author":[{"embeddable":true,"href":"https:\/\/konninkylaseura.net\/index.php?rest_route=\/wp\/v2\/users\/7"}],"replies":[{"embeddable":true,"href":"https:\/\/konninkylaseura.net\/index.php?rest_route=%2Fwp%2Fv2%2Fcomments&post=2996"}],"version-history":[{"count":1,"href":"https:\/\/konninkylaseura.net\/index.php?rest_route=\/wp\/v2\/posts\/2996\/revisions"}],"predecessor-version":[{"id":2997,"href":"https:\/\/konninkylaseura.net\/index.php?rest_route=\/wp\/v2\/posts\/2996\/revisions\/2997"}],"wp:attachment":[{"href":"https:\/\/konninkylaseura.net\/index.php?rest_route=%2Fwp%2Fv2%2Fmedia&parent=2996"}],"wp:term":[{"taxonomy":"category","embeddable":true,"href":"https:\/\/konninkylaseura.net\/index.php?rest_route=%2Fwp%2Fv2%2Fcategories&post=2996"},{"taxonomy":"post_tag","embeddable":true,"href":"https:\/\/konninkylaseura.net\/index.php?rest_route=%2Fwp%2Fv2%2Ftags&post=2996"}],"curies":[{"name":"wp","href":"https:\/\/api.w.org\/{rel}","templated":true}]}}