{"id":2876,"date":"2015-07-22T23:29:19","date_gmt":"2015-07-22T21:29:19","guid":{"rendered":"http:\/\/konninkylaseura.net\/?p=2876"},"modified":"2015-07-23T10:50:01","modified_gmt":"2015-07-23T08:50:01","slug":"kylapyoraaly-29-7-2015","status":"publish","type":"post","link":"https:\/\/konninkylaseura.net\/?p=2876","title":{"rendered":"Kyl\u00e4py\u00f6r\u00e4\u00e4ly 29.7.2015"},"content":{"rendered":"<p><a href=\"http:\/\/konninkylaseura.net\/wp-content\/uploads\/2015\/07\/IMG_3579.jpg\"><img loading=\"lazy\" decoding=\"async\" class=\"size-thumbnail wp-image-2875 alignleft\" alt=\"IMG_3579\" src=\"http:\/\/konninkylaseura.net\/wp-content\/uploads\/2015\/07\/IMG_3579-150x150.jpg\" width=\"150\" height=\"150\" \/><\/a>Mallaskoskella T\u00f6rn\u00e4v\u00e4n kes\u00e4teatterile py\u00f6r\u00e4ilty ja olihan hauska revyy, voimme suositella l\u00e4mpim\u00e4sti niillekkin jotka nyt eiv\u00e4t matkaan ehtineet. S\u00e4\u00e4kin suosi py\u00f6r\u00e4ily\u00e4 ja v\u00e4isti meid\u00e4t vaikka sadepilvi\u00e4 py\u00f6ri ymp\u00e4rill\u00e4mme, paluu suoritettiin Kyrk\u00f6sj\u00e4rven el\u00e4mysreitti\u00e4 my\u00f6den Ahonkyl\u00e4\u00e4n. Keskiviikkona 29.7.2015 klo 19 py\u00f6r\u00e4ilemmmekin Huissin suuntaan osoitteeseen Kauppilantie 231. Matkaa kyl\u00e4kioskilta kertyy suuntaansa noin 11km. Siel\u00e4 Elisa Flink pit\u00e4\u00e4 Akan Ateljeeta ja myy omia itsetehtyj\u00e4 k\u00e4sit\u00f6it\u00e4\u00e4n. Menn\u00e4h\u00e4n taas isoolla porukalla ja lompsat mukaan jos vaikkapa l\u00f6ytyisi jotain mieluista kotiin kuljetettavaksi.<\/p>\n","protected":false},"excerpt":{"rendered":"<p>Mallaskoskella T\u00f6rn\u00e4v\u00e4n kes\u00e4teatterile py\u00f6r\u00e4ilty ja olihan hauska revyy, voimme suositella l\u00e4mpim\u00e4sti niillekkin jotka nyt eiv\u00e4t matkaan ehtineet. S\u00e4\u00e4kin suosi py\u00f6r\u00e4ily\u00e4 ja v\u00e4isti meid\u00e4t vaikka sadepilvi\u00e4 py\u00f6ri ymp\u00e4rill\u00e4mme, paluu suoritettiin Kyrk\u00f6sj\u00e4rven el\u00e4mysreitti\u00e4 my\u00f6den Ahonkyl\u00e4\u00e4n. Keskiviikkona 29.7.2015 klo 19 py\u00f6r\u00e4ilemmmekin Huissin suuntaan osoitteeseen Kauppilantie 231. Matkaa kyl\u00e4kioskilta kertyy suuntaansa noin 11km. Siel\u00e4 Elisa Flink pit\u00e4\u00e4 Akan Ateljeeta &hellip; <\/p>\n<p class=\"link-more\"><a href=\"https:\/\/konninkylaseura.net\/?p=2876\" class=\"more-link\">Jatka lukemista<span class=\"screen-reader-text\"> &#8221;Kyl\u00e4py\u00f6r\u00e4\u00e4ly 29.7.2015&#8221;<\/span><\/a><\/p>\n","protected":false},"author":12,"featured_media":0,"comment_status":"open","ping_status":"closed","sticky":false,"template":"","format":"standard","meta":{"ngg_post_thumbnail":0,"_jetpack_memberships_contains_paid_content":false,"footnotes":"","jetpack_publicize_message":"","jetpack_publicize_feature_enabled":true,"jetpack_social_post_already_shared":false,"jetpack_social_options":{"image_generator_settings":{"template":"highway","default_image_id":0,"font":"","enabled":false},"version":2}},"categories":[127,7],"tags":[],"class_list":["post-2876","post","type-post","status-publish","format-standard","hentry","category-kylapyoraaly","category-liikunta"],"jetpack_publicize_connections":[],"jetpack_featured_media_url":"","jetpack_sharing_enabled":true,"_links":{"self":[{"href":"https:\/\/konninkylaseura.net\/index.php?rest_route=\/wp\/v2\/posts\/2876","targetHints":{"allow":["GET"]}}],"collection":[{"href":"https:\/\/konninkylaseura.net\/index.php?rest_route=\/wp\/v2\/posts"}],"about":[{"href":"https:\/\/konninkylaseura.net\/index.php?rest_route=\/wp\/v2\/types\/post"}],"author":[{"embeddable":true,"href":"https:\/\/konninkylaseura.net\/index.php?rest_route=\/wp\/v2\/users\/12"}],"replies":[{"embeddable":true,"href":"https:\/\/konninkylaseura.net\/index.php?rest_route=%2Fwp%2Fv2%2Fcomments&post=2876"}],"version-history":[{"count":7,"href":"https:\/\/konninkylaseura.net\/index.php?rest_route=\/wp\/v2\/posts\/2876\/revisions"}],"predecessor-version":[{"id":2887,"href":"https:\/\/konninkylaseura.net\/index.php?rest_route=\/wp\/v2\/posts\/2876\/revisions\/2887"}],"wp:attachment":[{"href":"https:\/\/konninkylaseura.net\/index.php?rest_route=%2Fwp%2Fv2%2Fmedia&parent=2876"}],"wp:term":[{"taxonomy":"category","embeddable":true,"href":"https:\/\/konninkylaseura.net\/index.php?rest_route=%2Fwp%2Fv2%2Fcategories&post=2876"},{"taxonomy":"post_tag","embeddable":true,"href":"https:\/\/konninkylaseura.net\/index.php?rest_route=%2Fwp%2Fv2%2Ftags&post=2876"}],"curies":[{"name":"wp","href":"https:\/\/api.w.org\/{rel}","templated":true}]}}