{"id":2745,"date":"2015-07-05T20:01:20","date_gmt":"2015-07-05T18:01:20","guid":{"rendered":"http:\/\/konninkylaseura.net\/?p=2745"},"modified":"2015-07-06T23:50:18","modified_gmt":"2015-07-06T21:50:18","slug":"kylapyoraaly-8-7-2015","status":"publish","type":"post","link":"https:\/\/konninkylaseura.net\/?p=2745","title":{"rendered":"Kyl\u00e4py\u00f6r\u00e4\u00e4ly 8.7.2015"},"content":{"rendered":"<p><a href=\"http:\/\/konninkylaseura.net\/wp-content\/uploads\/2015\/07\/N\u00e4ytt\u00f6kuva-2015-07-05-kello-20.54.23.png\"><img loading=\"lazy\" decoding=\"async\" class=\"alignleft size-medium wp-image-2748\" alt=\"N\u00e4ytt\u00f6kuva 2015-07-05 kello 20.54.23\" src=\"http:\/\/konninkylaseura.net\/wp-content\/uploads\/2015\/07\/N\u00e4ytt\u00f6kuva-2015-07-05-kello-20.54.23-297x300.png\" width=\"297\" height=\"300\" srcset=\"https:\/\/konninkylaseura.net\/wp-content\/uploads\/2015\/07\/N\u00e4ytt\u00f6kuva-2015-07-05-kello-20.54.23-297x300.png 297w, https:\/\/konninkylaseura.net\/wp-content\/uploads\/2015\/07\/N\u00e4ytt\u00f6kuva-2015-07-05-kello-20.54.23-624x630.png 624w, https:\/\/konninkylaseura.net\/wp-content\/uploads\/2015\/07\/N\u00e4ytt\u00f6kuva-2015-07-05-kello-20.54.23.png 711w\" sizes=\"auto, (max-width: 297px) 100vw, 297px\" \/><\/a>Kotiateljee Maurioon tutustuttu ja oli hieno tutustua kuvanveist\u00e4j\u00e4 Marita Henrikssonin Laajaan tuotantoon.<\/p>\n<p>Keskiviikkona 8.7.2015 klo 19 polkaisemmekin Kiikerinkyl\u00e4n kautta kohti Ylistaroa. K\u00e4ymme kyl\u00e4ilem\u00e4ss\u00e4 Irja ja Pekka Mansikkam\u00e4en m\u00f6kill\u00e4, joka on l\u00e4hell\u00e4 Hietikon entist\u00e4 koulua, matkaa kyl\u00e4kioskilta suuntaansa noin 12km. Irja ja Pekka on luvannut tarjota Kaffetta ja virvokkeita. Otetaan omat makkarat mukaan niin saadaan krillailla.<\/p>\n<p style=\"text-align: left;\">\n","protected":false},"excerpt":{"rendered":"<p>Kotiateljee Maurioon tutustuttu ja oli hieno tutustua kuvanveist\u00e4j\u00e4 Marita Henrikssonin Laajaan tuotantoon. Keskiviikkona 8.7.2015 klo 19 polkaisemmekin Kiikerinkyl\u00e4n kautta kohti Ylistaroa. K\u00e4ymme kyl\u00e4ilem\u00e4ss\u00e4 Irja ja Pekka Mansikkam\u00e4en m\u00f6kill\u00e4, joka on l\u00e4hell\u00e4 Hietikon entist\u00e4 koulua, matkaa kyl\u00e4kioskilta suuntaansa noin 12km. Irja ja Pekka on luvannut tarjota Kaffetta ja virvokkeita. Otetaan omat makkarat mukaan niin saadaan krillailla.<\/p>\n","protected":false},"author":12,"featured_media":0,"comment_status":"open","ping_status":"closed","sticky":false,"template":"","format":"standard","meta":{"ngg_post_thumbnail":0,"_jetpack_memberships_contains_paid_content":false,"footnotes":"","jetpack_publicize_message":"","jetpack_publicize_feature_enabled":true,"jetpack_social_post_already_shared":false,"jetpack_social_options":{"image_generator_settings":{"template":"highway","default_image_id":0,"font":"","enabled":false},"version":2}},"categories":[127,7],"tags":[],"class_list":["post-2745","post","type-post","status-publish","format-standard","hentry","category-kylapyoraaly","category-liikunta"],"jetpack_publicize_connections":[],"jetpack_featured_media_url":"","jetpack_sharing_enabled":true,"_links":{"self":[{"href":"https:\/\/konninkylaseura.net\/index.php?rest_route=\/wp\/v2\/posts\/2745","targetHints":{"allow":["GET"]}}],"collection":[{"href":"https:\/\/konninkylaseura.net\/index.php?rest_route=\/wp\/v2\/posts"}],"about":[{"href":"https:\/\/konninkylaseura.net\/index.php?rest_route=\/wp\/v2\/types\/post"}],"author":[{"embeddable":true,"href":"https:\/\/konninkylaseura.net\/index.php?rest_route=\/wp\/v2\/users\/12"}],"replies":[{"embeddable":true,"href":"https:\/\/konninkylaseura.net\/index.php?rest_route=%2Fwp%2Fv2%2Fcomments&post=2745"}],"version-history":[{"count":5,"href":"https:\/\/konninkylaseura.net\/index.php?rest_route=\/wp\/v2\/posts\/2745\/revisions"}],"predecessor-version":[{"id":2768,"href":"https:\/\/konninkylaseura.net\/index.php?rest_route=\/wp\/v2\/posts\/2745\/revisions\/2768"}],"wp:attachment":[{"href":"https:\/\/konninkylaseura.net\/index.php?rest_route=%2Fwp%2Fv2%2Fmedia&parent=2745"}],"wp:term":[{"taxonomy":"category","embeddable":true,"href":"https:\/\/konninkylaseura.net\/index.php?rest_route=%2Fwp%2Fv2%2Fcategories&post=2745"},{"taxonomy":"post_tag","embeddable":true,"href":"https:\/\/konninkylaseura.net\/index.php?rest_route=%2Fwp%2Fv2%2Ftags&post=2745"}],"curies":[{"name":"wp","href":"https:\/\/api.w.org\/{rel}","templated":true}]}}