{"id":2715,"date":"2015-06-25T00:01:29","date_gmt":"2015-06-24T22:01:29","guid":{"rendered":"http:\/\/konninkylaseura.net\/?p=2715"},"modified":"2015-07-07T22:40:18","modified_gmt":"2015-07-07T20:40:18","slug":"kylapyoraaly-1-7-2015","status":"publish","type":"post","link":"https:\/\/konninkylaseura.net\/?p=2715","title":{"rendered":"Kyl\u00e4py\u00f6r\u00e4\u00e4ly 1.7.2015"},"content":{"rendered":"<p>Ilmajoen Antiikki ja Tavaratoriin tutustuttu ja v\u00e4ki\u00e4 oli taas kaatosateesta huolimatta l\u00e4htenyt kiitett\u00e4v\u00e4sti liikkeelle. Tavaraahan liikkeess\u00e4 oli esill\u00e4 3-kerroksen verran ja taisihan siin\u00e4 joitakin kauppojakin synty\u00e4. Ne jotka eiv\u00e4t mukaan ehtineet niin k\u00e4yk\u00e4\u00e4h\u00e4n ihmeess\u00e4 tutustumassa.<\/p>\n<p><a href=\"http:\/\/konninkylaseura.net\/wp-content\/uploads\/2015\/06\/Kesyt_minut_Sein_j_kaup_kokoelmat_6spk_3sd.jpg\"><img loading=\"lazy\" decoding=\"async\" class=\" wp-image-2726 alignleft\" alt=\"Kesyt_minut_Sein_j_kaup_kokoelmat_6spk_3sd\" src=\"http:\/\/konninkylaseura.net\/wp-content\/uploads\/2015\/06\/Kesyt_minut_Sein_j_kaup_kokoelmat_6spk_3sd-219x300.jpg\" width=\"140\" height=\"192\" srcset=\"https:\/\/konninkylaseura.net\/wp-content\/uploads\/2015\/06\/Kesyt_minut_Sein_j_kaup_kokoelmat_6spk_3sd-219x300.jpg 219w, https:\/\/konninkylaseura.net\/wp-content\/uploads\/2015\/06\/Kesyt_minut_Sein_j_kaup_kokoelmat_6spk_3sd.jpg 438w\" sizes=\"auto, (max-width: 140px) 100vw, 140px\" \/><\/a>Kuukausi py\u00f6r\u00e4ht\u00e4\u00e4kin jo Hein\u00e4kuuhun ja Keskiviikkona 1.7.2015 klo 19 suuntaammekin Harjunpakalta kohti k\u00f6nnintien alkup\u00e4\u00e4t\u00e4, jolloin p\u00e4\u00e4semme vierailemaan Kotiateljee Mauriossa. Talohan tunnetaan vanhastaan Maurion kartanona. Maurion omistaa nyky\u00e4\u00e4n Kuvanveist\u00e4j\u00e4 Marita Henriksson, ja p\u00e4\u00e4semme tutustumaan h\u00e4nen t\u00f6ihins\u00e4 johon kuuluu Kuvanveistoa, kuvitusta, fotografiikkaa, piirroksia, maalauksia. H\u00e4n on my\u00f6s kirjoittanut ja kuvittanut lastenkirjan &#8221;Haun ja Waun matka&#8221;, suunnitellut levynkannet\u00a0 Risto-Pekka Alhaisen levyyn &#8221;Uskon \u00e4\u00e4ni&#8221;.<\/p>\n<p><em id=\"__mceDel\">\u00a0<\/em><\/p>\n","protected":false},"excerpt":{"rendered":"<p>Ilmajoen Antiikki ja Tavaratoriin tutustuttu ja v\u00e4ki\u00e4 oli taas kaatosateesta huolimatta l\u00e4htenyt kiitett\u00e4v\u00e4sti liikkeelle. Tavaraahan liikkeess\u00e4 oli esill\u00e4 3-kerroksen verran ja taisihan siin\u00e4 joitakin kauppojakin synty\u00e4. Ne jotka eiv\u00e4t mukaan ehtineet niin k\u00e4yk\u00e4\u00e4h\u00e4n ihmeess\u00e4 tutustumassa. Kuukausi py\u00f6r\u00e4ht\u00e4\u00e4kin jo Hein\u00e4kuuhun ja Keskiviikkona 1.7.2015 klo 19 suuntaammekin Harjunpakalta kohti k\u00f6nnintien alkup\u00e4\u00e4t\u00e4, jolloin p\u00e4\u00e4semme vierailemaan Kotiateljee Mauriossa. Talohan &hellip; <\/p>\n<p class=\"link-more\"><a href=\"https:\/\/konninkylaseura.net\/?p=2715\" class=\"more-link\">Jatka lukemista<span class=\"screen-reader-text\"> &#8221;Kyl\u00e4py\u00f6r\u00e4\u00e4ly 1.7.2015&#8221;<\/span><\/a><\/p>\n","protected":false},"author":12,"featured_media":0,"comment_status":"open","ping_status":"closed","sticky":false,"template":"","format":"standard","meta":{"ngg_post_thumbnail":0,"_jetpack_memberships_contains_paid_content":false,"footnotes":"","jetpack_publicize_message":"","jetpack_publicize_feature_enabled":true,"jetpack_social_post_already_shared":false,"jetpack_social_options":{"image_generator_settings":{"template":"highway","default_image_id":0,"font":"","enabled":false},"version":2}},"categories":[127,7],"tags":[],"class_list":["post-2715","post","type-post","status-publish","format-standard","hentry","category-kylapyoraaly","category-liikunta"],"jetpack_publicize_connections":[],"jetpack_featured_media_url":"","jetpack_sharing_enabled":true,"_links":{"self":[{"href":"https:\/\/konninkylaseura.net\/index.php?rest_route=\/wp\/v2\/posts\/2715","targetHints":{"allow":["GET"]}}],"collection":[{"href":"https:\/\/konninkylaseura.net\/index.php?rest_route=\/wp\/v2\/posts"}],"about":[{"href":"https:\/\/konninkylaseura.net\/index.php?rest_route=\/wp\/v2\/types\/post"}],"author":[{"embeddable":true,"href":"https:\/\/konninkylaseura.net\/index.php?rest_route=\/wp\/v2\/users\/12"}],"replies":[{"embeddable":true,"href":"https:\/\/konninkylaseura.net\/index.php?rest_route=%2Fwp%2Fv2%2Fcomments&post=2715"}],"version-history":[{"count":16,"href":"https:\/\/konninkylaseura.net\/index.php?rest_route=\/wp\/v2\/posts\/2715\/revisions"}],"predecessor-version":[{"id":2801,"href":"https:\/\/konninkylaseura.net\/index.php?rest_route=\/wp\/v2\/posts\/2715\/revisions\/2801"}],"wp:attachment":[{"href":"https:\/\/konninkylaseura.net\/index.php?rest_route=%2Fwp%2Fv2%2Fmedia&parent=2715"}],"wp:term":[{"taxonomy":"category","embeddable":true,"href":"https:\/\/konninkylaseura.net\/index.php?rest_route=%2Fwp%2Fv2%2Fcategories&post=2715"},{"taxonomy":"post_tag","embeddable":true,"href":"https:\/\/konninkylaseura.net\/index.php?rest_route=%2Fwp%2Fv2%2Ftags&post=2715"}],"curies":[{"name":"wp","href":"https:\/\/api.w.org\/{rel}","templated":true}]}}