{"id":2278,"date":"2014-10-27T17:07:51","date_gmt":"2014-10-27T15:07:51","guid":{"rendered":"http:\/\/konninkylaseura.net\/?p=2278"},"modified":"2014-10-31T19:44:23","modified_gmt":"2014-10-31T17:44:23","slug":"seurakuntavaalit-2014","status":"publish","type":"post","link":"https:\/\/konninkylaseura.net\/?p=2278","title":{"rendered":"Seurakuntavaalit is\u00e4np\u00e4iv\u00e4n\u00e4 9.11.2014"},"content":{"rendered":"<div id='gallery-1' class='gallery galleryid-2278 gallery-columns-4 gallery-size-thumbnail'><figure class='gallery-item'>\n\t\t\t<div class='gallery-icon portrait'>\n\t\t\t\t<a href='https:\/\/konninkylaseura.net\/?attachment_id=2343'><img loading=\"lazy\" decoding=\"async\" width=\"150\" height=\"150\" src=\"https:\/\/konninkylaseura.net\/wp-content\/uploads\/2014\/10\/Tommi-150x150.jpg\" class=\"attachment-thumbnail size-thumbnail\" alt=\"\" aria-describedby=\"gallery-1-2343\" sizes=\"auto, 100vw\" \/><\/a>\n\t\t\t<\/div>\n\t\t\t\t<figcaption class='wp-caption-text gallery-caption' id='gallery-1-2343'>\n\t\t\t\t52 Tommi\n\t\t\t\t<\/figcaption><\/figure><figure class='gallery-item'>\n\t\t\t<div class='gallery-icon portrait'>\n\t\t\t\t<a href='https:\/\/konninkylaseura.net\/?attachment_id=2357'><img loading=\"lazy\" decoding=\"async\" width=\"150\" height=\"150\" src=\"https:\/\/konninkylaseura.net\/wp-content\/uploads\/2014\/10\/Tuulikki-150x150.jpg\" class=\"attachment-thumbnail size-thumbnail\" alt=\"\" sizes=\"auto, 100vw\" \/><\/a>\n\t\t\t<\/div><\/figure><figure class='gallery-item'>\n\t\t\t<div class='gallery-icon portrait'>\n\t\t\t\t<a href='https:\/\/konninkylaseura.net\/?attachment_id=2341'><img loading=\"lazy\" decoding=\"async\" width=\"150\" height=\"150\" src=\"https:\/\/konninkylaseura.net\/wp-content\/uploads\/2014\/10\/Kaija-150x150.jpg\" class=\"attachment-thumbnail size-thumbnail\" alt=\"\" aria-describedby=\"gallery-1-2341\" sizes=\"auto, 100vw\" \/><\/a>\n\t\t\t<\/div>\n\t\t\t\t<figcaption class='wp-caption-text gallery-caption' id='gallery-1-2341'>\n\t\t\t\t84 Kaija\n\t\t\t\t<\/figcaption><\/figure><figure class='gallery-item'>\n\t\t\t<div class='gallery-icon portrait'>\n\t\t\t\t<a href='https:\/\/konninkylaseura.net\/?attachment_id=2342'><img loading=\"lazy\" decoding=\"async\" width=\"150\" height=\"150\" src=\"https:\/\/konninkylaseura.net\/wp-content\/uploads\/2014\/10\/Jarkko-150x150.jpg\" class=\"attachment-thumbnail size-thumbnail\" alt=\"\" aria-describedby=\"gallery-1-2342\" sizes=\"auto, 100vw\" \/><\/a>\n\t\t\t<\/div>\n\t\t\t\t<figcaption class='wp-caption-text gallery-caption' id='gallery-1-2342'>\n\t\t\t\t85 Jarkko\n\t\t\t\t<\/figcaption><\/figure>\n\t\t<\/div>\n\n<p>Seurakuntavaalien ennakko \u00e4\u00e4nestys on p\u00e4\u00e4ttynyt, varsinainen vaalip\u00e4iv\u00e4 is\u00e4np\u00e4iv\u00e4n\u00e4 9.11.2014. \u00c4\u00e4nestys alkaa Jumalanpalveluksen j\u00e4lkeen kirkossa ja jatkuu klo 20 saakka. Meid\u00e4n kyl\u00e4lt\u00e4 on mukana kaksi sitoutumatonta Juuret ryhm\u00e4n ehdokasta ja kaksi Keskustalaisen seurakuntav\u00e4en ehdokasta. Eik\u00f6h\u00e4n olla t\u00e4ss\u00e4kin asiassa aktiivisia ja k\u00e4yd\u00e4 varmistamassa omankyl\u00e4isten ehdokkaiden l\u00e4pimeno.<\/p>\n<h4 style=\"text-align: center\">Varsinainen vaalip\u00e4iv\u00e4 Is\u00e4np\u00e4iv\u00e4n\u00e4 9.11.2014<\/h4>\n<div dir=\"ltr\" style=\"text-align: center\">Kaikilla viimeist\u00e4\u00e4n ensimm\u00e4isen\u00e4 vaalip\u00e4iv\u00e4n\u00e4 16 vuotta t\u00e4ytt\u00e4neill\u00e4 kirkon j\u00e4senill\u00e4 on seurakuntavaaleissa yht\u00e4l\u00e4inen \u00e4\u00e4nioikeus.<\/div>\n<div dir=\"ltr\" style=\"text-align: center\"><\/div>\n<div dir=\"ltr\" style=\"text-align: center\"><\/div>\n<div dir=\"ltr\" style=\"text-align: center\"><!--more--><\/div>\n<div dir=\"ltr\" style=\"text-align: center\"><\/div>\n<div dir=\"ltr\" style=\"text-align: left\"><\/div>\n<p dir=\"ltr\" style=\"text-align: left\">Kuvaa tai kuvan viereisest\u00e4 linkist\u00e4 klikkaamalla p\u00e4\u00e4set siirtym\u00e4\u00e4n vaalikoneeseen ja tutustumaan kunkin ehdokkaan antamiin vastauksiin. Mobiililaitteita k\u00e4ytett\u00e4ess\u00e4 sivusto t\u00e4ytyy pakottaa toimintaan t\u00e4ysversiona, mobiiliversiona sivuston vaalikone ei kaikilla laitteilla toimi oikein.<\/p>\n<div dir=\"ltr\" style=\"text-align: center\"><\/div>\n<div dir=\"ltr\" style=\"text-align: left\"><a href=\"http:\/\/www.mtv.fi\/uutiset\/vaalikone?zefTarget=4947609957433344\" target=\"_blank\"><img loading=\"lazy\" decoding=\"async\" class=\"alignleft size-thumbnail wp-image-2343\" alt=\"Tommi\" src=\"http:\/\/konninkylaseura.net\/wp-content\/uploads\/2014\/10\/Tommi-150x150.jpg\" width=\"150\" height=\"150\" \/><\/a><\/div>\n<p><a href=\"http:\/\/www.mtv.fi\/uutiset\/vaalikone?zefTarget=4947609957433344\" target=\"_blank\">52 Halkosaari Tommi KESK<\/a><\/p>\n<p>Olen hakemassa nuoresta i\u00e4st\u00e4ni huolimatta jo toiselle kaudelle seurakuntavaltuustoon. Tulen jatkamaan arvokasta ty\u00f6t\u00e4 tuomalla nuorten asioita esiin, sill\u00e4 uskon mit\u00e4 nuorempana siemenen kylv\u00e4\u00e4 niin sit\u00e4 vanhemmaksi sen my\u00f6s kantaa. Mielest\u00e4ni seurakunnan ty\u00f6muodoista juuri nuorisoty\u00f6 kaikkein t\u00e4rkeint\u00e4, sill\u00e4 nuoret ovat siin\u00e4 i\u00e4ss\u00e4, jossa alkavat tekem\u00e4\u00e4n omia p\u00e4\u00e4t\u00f6ksi\u00e4\u00e4n tulevaisuutensa suhteen. Mik\u00e4li seurakunta kuuluu t\u00e4ss\u00e4 vaiheessa nuoren el\u00e4m\u00e4\u00e4n luonnollisesti, on uskon siemen saatu jo kasvamaan paksuun versoon saakka.<\/p>\n<p><a href=\"http:\/\/www.mtv.fi\/uutiset\/vaalikone?zefTarget=5591306369761280\" target=\"_blank\"><img loading=\"lazy\" decoding=\"async\" class=\"alignleft size-thumbnail wp-image-2357\" alt=\"Tuulikki 59\" src=\"http:\/\/konninkylaseura.net\/wp-content\/uploads\/2014\/10\/Tuulikki-150x150.jpg\" width=\"150\" height=\"150\" \/><\/a><a href=\"http:\/\/www.mtv.fi\/uutiset\/vaalikone?zefTarget=5591306369761280\" target=\"_blank\">59 Kukkonen Tuulikki KESK<\/a><\/p>\n<p><span style=\"line-height: 1.714285714;font-size: 1rem\">Olen 60-vuotias el\u00e4kkeell\u00e4 oleva entinen lypsykarjatilan em\u00e4nt\u00e4, kirkkovaltuustossa jo 2 kautta, l\u00e4hetysty\u00f6 ja diakonia on l\u00e4hell\u00e4 syd\u00e4nt\u00e4, sek\u00e4 lapset ja nuoriso. Olen ollut vappaaehtoisena vastuunkantajana seurakunnan eri toimintamuodoissa yli 20 vuotta, josta 10 vuotta K\u00f6nni-Harjunm\u00e4en diakoniapiirin puheenjohtajana sek\u00e4 lis\u00e4ksi SLEY:n K\u00f6nni-Kiikerin osaston sihteerin\u00e4 22 vuotta.<\/span><\/p>\n<p><a href=\"http:\/\/www.mtv.fi\/uutiset\/vaalikone?zefTarget=6729992931115008\" target=\"_blank\"><img loading=\"lazy\" decoding=\"async\" class=\"alignleft size-thumbnail wp-image-2341\" alt=\"Kaija\" src=\"http:\/\/konninkylaseura.net\/wp-content\/uploads\/2014\/10\/Kaija-150x150.jpg\" width=\"150\" height=\"150\" \/><\/a><a href=\"http:\/\/www.mtv.fi\/uutiset\/vaalikone?zefTarget=6729992931115008\" target=\"_blank\">84 Aspila-Renkola Kaija Juuret ryhm\u00e4<\/a><\/p>\n<p><span style=\"line-height: 1.714285714;font-size: 1rem\">Olen Kaija Aspila-Renkola. Asun Kiikerinkyl\u00e4ss\u00e4 ja ty\u00f6skentelen Ilmajoen alakouluilla erityisopettajana. Vapaa-aikani kuluu kyl\u00e4seuran, vaihto-oppilastoiminnan ja erilaisten kristillisten j\u00e4rjest\u00f6jen parissa. Olen Ilmajoen seurakunnassa jokapyh\u00e4inen kirkkovieras ja pid\u00e4nkin jumalanpalvelusta yhten\u00e4 seurakunnan t\u00e4rkeimmist\u00e4 viikottaisista tapahtumista. Olen pit\u00e4nyt aikoinaan pyh\u00e4koulua kymmenen vuoden ajan ja ollut my\u00f6s kaksi kautta kirkkovaltuutettuna. T\u00e4ll\u00e4 hetkell\u00e4 osallistun rivij\u00e4senen\u00e4 seurakunnan eri tilaisuuksiin mm. raamattupiiriin ja toivoisinkin erilaisten pienryhmien levi\u00e4v\u00e4n kaikkien seurakuntalaisten ulottuville. Toki kaikki seurakuntaty\u00f6 on t\u00e4rke\u00e4\u00e4 ja arvokasta ja toivon, ett\u00e4 sen kautta jokainen seurakuntalainen tulee kohdatuksi ja hoidetuksi.\u00a0<\/span><\/p>\n<p><a href=\"http:\/\/www.mtv.fi\/uutiset\/vaalikone?zefTarget=5597925853888512\" target=\"_blank\"><img loading=\"lazy\" decoding=\"async\" class=\"alignleft size-thumbnail wp-image-2342\" alt=\"Jarkko\" src=\"http:\/\/konninkylaseura.net\/wp-content\/uploads\/2014\/10\/Jarkko-150x150.jpg\" width=\"150\" height=\"150\" \/><\/a><a href=\"http:\/\/www.mtv.fi\/uutiset\/vaalikone?zefTarget=5597925853888512\" target=\"_blank\">85 Hautala Jarkko Juuret ryhm\u00e4<\/a><\/p>\n<p>Olen kotoisin Kiikerinkyl\u00e4st\u00e4. Teen p\u00e4iv\u00e4ty\u00f6ni Hautala Service Oyss\u00e4, hallituksen puheenjohtajana, tuotan my\u00f6s s\u00e4hk\u00f6\u00e4 omaan tarpeeseen ja valtakunnan verkkoon tuulivoimalla. Olen toiminut yritt\u00e4j\u00e4n\u00e4 pian 30 vuotta, uskon ett\u00e4 t\u00e4t\u00e4 kokemusta voisin hy\u00f6dynt\u00e4\u00e4 my\u00f6s seurakunnan luottamustoimissa.\u00a0Kirkon p\u00e4\u00e4teht\u00e4v\u00e4 on julistaa sanomaa Kristuksesta, mutta sanoman julistamisessa tarvitaan ty\u00f6v\u00e4ke\u00e4 ja puitteet. K\u00e4yn seurakunnan tilaisuuksissa mahdollisuuksieni mukaan, melko usein. Raamattupiirit, raamattuopetus, sunnuntai kirkko ym.\u00a0Mielest\u00e4ni seurakunnan luottamustoimiin kuuluisivat ennemmin asiaan vihkiytyneet henkil\u00f6t kuin puolueet. Haluan antaa ty\u00f6panokseni Ilmajoen seurakunnan k\u00e4ytt\u00f6\u00f6n.<\/p>\n<p><a style=\"font-size: 1.142857143rem;line-height: 1.846153846\" href=\"https:\/\/sites.google.com\/site\/ilmajokijuuret\/home\" target=\"_blank\">Juuret-ryhm\u00e4<\/a><\/p>\n<h4>N\u00c4IN \u00c4\u00c4NET LASKETAAN<\/h4>\n<p>Vaalien tulokseen vaikuttaa sek\u00e4 ehdokaslistan saama yhteinen \u00e4\u00e4nim\u00e4\u00e4r\u00e4 ett\u00e4 ehdokkaan henkil\u00f6kohtainen \u00e4\u00e4nim\u00e4\u00e4r\u00e4. Eri ehdokasryhm\u00e4t saavat valtuustopaikkoja saamansa kokonais\u00e4\u00e4nim\u00e4\u00e4r\u00e4n mukaan. Vastaava <a href=\"http:\/\/fi.wikipedia.org\/wiki\/D\u2019Hondtin_menetelm\u00e4\" target=\"_blank\">D&#8217;Hondtin menetelm\u00e4<\/a>\u00a0on k\u00e4yt\u00f6ss\u00e4 kunnallisissa ja valtiollisissa vaaleissa.<\/p>\n<p>Kaikkien listan ehdokkaiden saamat \u00e4\u00e4net lasketaan ensin yhteen. Sen j\u00e4lkeen ehdokkaat asetetaan j\u00e4rjestykseen henkil\u00f6kohtaisen \u00e4\u00e4nim\u00e4\u00e4r\u00e4n perusteella. Jokainen ehdokas saa vertausluvun siten, ett\u00e4 ryhmittym\u00e4n eniten \u00e4\u00e4ni\u00e4 saanut ehdokas saa vertausluvukseen ryhmittym\u00e4n koko \u00e4\u00e4nim\u00e4\u00e4r\u00e4n, toiseksi eniten \u00e4\u00e4ni\u00e4 saanut 1\/2 ryhmittym\u00e4n \u00e4\u00e4nim\u00e4\u00e4r\u00e4st\u00e4, kolmanneksi tullut 1\/3 ja niin edelleen. Vaalin tulos m\u00e4\u00e4r\u00e4ytyy kunkin ehdokkaan saaman vertausluvun perusteella.<\/p>\n<p><span style=\"font-size: 1rem;line-height: 1.714285714\"><a href=\"http:\/\/fi.wikipedia.org\/wiki\/D\u2019Hondtin_menetelm\u00e4\" target=\"_blank\">D\u2019Hondtin menetelm\u00e4ll\u00e4<\/a> on taipumus suosia suuria ryhmi\u00e4 niin, ett\u00e4 ne saavat \u00e4\u00e4niosuuttaan suuremman osuuden paikoista. Vastaavasti pienet ryhm\u00e4t saavat keskim\u00e4\u00e4rin \u00e4\u00e4niosuuttaan pienemm\u00e4n paikkaosuuden\u00a0<\/span><\/p>\n","protected":false},"excerpt":{"rendered":"<p>Seurakuntavaalien ennakko \u00e4\u00e4nestys on p\u00e4\u00e4ttynyt, varsinainen vaalip\u00e4iv\u00e4 is\u00e4np\u00e4iv\u00e4n\u00e4 9.11.2014. \u00c4\u00e4nestys alkaa Jumalanpalveluksen j\u00e4lkeen kirkossa ja jatkuu klo 20 saakka. Meid\u00e4n kyl\u00e4lt\u00e4 on mukana kaksi sitoutumatonta Juuret ryhm\u00e4n ehdokasta ja kaksi Keskustalaisen seurakuntav\u00e4en ehdokasta. Eik\u00f6h\u00e4n olla t\u00e4ss\u00e4kin asiassa aktiivisia ja k\u00e4yd\u00e4 varmistamassa omankyl\u00e4isten ehdokkaiden l\u00e4pimeno. Varsinainen vaalip\u00e4iv\u00e4 Is\u00e4np\u00e4iv\u00e4n\u00e4 9.11.2014 Kaikilla viimeist\u00e4\u00e4n ensimm\u00e4isen\u00e4 vaalip\u00e4iv\u00e4n\u00e4 16 vuotta t\u00e4ytt\u00e4neill\u00e4 &hellip; <\/p>\n<p class=\"link-more\"><a href=\"https:\/\/konninkylaseura.net\/?p=2278\" class=\"more-link\">Jatka lukemista<span class=\"screen-reader-text\"> &#8221;Seurakuntavaalit is\u00e4np\u00e4iv\u00e4n\u00e4 9.11.2014&#8221;<\/span><\/a><\/p>\n","protected":false},"author":12,"featured_media":0,"comment_status":"open","ping_status":"closed","sticky":false,"template":"","format":"standard","meta":{"ngg_post_thumbnail":0,"_jetpack_memberships_contains_paid_content":false,"footnotes":"","jetpack_publicize_message":"","jetpack_publicize_feature_enabled":true,"jetpack_social_post_already_shared":false,"jetpack_social_options":{"image_generator_settings":{"template":"highway","default_image_id":0,"font":"","enabled":false},"version":2}},"categories":[1],"tags":[],"class_list":["post-2278","post","type-post","status-publish","format-standard","hentry","category-uncategorized"],"jetpack_publicize_connections":[],"jetpack_featured_media_url":"","jetpack_sharing_enabled":true,"_links":{"self":[{"href":"https:\/\/konninkylaseura.net\/index.php?rest_route=\/wp\/v2\/posts\/2278","targetHints":{"allow":["GET"]}}],"collection":[{"href":"https:\/\/konninkylaseura.net\/index.php?rest_route=\/wp\/v2\/posts"}],"about":[{"href":"https:\/\/konninkylaseura.net\/index.php?rest_route=\/wp\/v2\/types\/post"}],"author":[{"embeddable":true,"href":"https:\/\/konninkylaseura.net\/index.php?rest_route=\/wp\/v2\/users\/12"}],"replies":[{"embeddable":true,"href":"https:\/\/konninkylaseura.net\/index.php?rest_route=%2Fwp%2Fv2%2Fcomments&post=2278"}],"version-history":[{"count":88,"href":"https:\/\/konninkylaseura.net\/index.php?rest_route=\/wp\/v2\/posts\/2278\/revisions"}],"predecessor-version":[{"id":2307,"href":"https:\/\/konninkylaseura.net\/index.php?rest_route=\/wp\/v2\/posts\/2278\/revisions\/2307"}],"wp:attachment":[{"href":"https:\/\/konninkylaseura.net\/index.php?rest_route=%2Fwp%2Fv2%2Fmedia&parent=2278"}],"wp:term":[{"taxonomy":"category","embeddable":true,"href":"https:\/\/konninkylaseura.net\/index.php?rest_route=%2Fwp%2Fv2%2Fcategories&post=2278"},{"taxonomy":"post_tag","embeddable":true,"href":"https:\/\/konninkylaseura.net\/index.php?rest_route=%2Fwp%2Fv2%2Ftags&post=2278"}],"curies":[{"name":"wp","href":"https:\/\/api.w.org\/{rel}","templated":true}]}}